{"id":3129,"date":"2007-03-08T20:54:41","date_gmt":"2007-03-09T00:54:41","guid":{"rendered":"http:\/\/ginocaro.mywhc.ca\/photo\/?p=3129"},"modified":"2015-09-27T20:18:42","modified_gmt":"2015-09-28T00:18:42","slug":"148","status":"publish","type":"post","link":"https:\/\/www.gino-caron.com\/photoblog\/148\/","title":{"rendered":"La passerelle"},"content":{"rendered":"<blockquote><p><em> Le d\u00e9sir est souvent la passerelle de l&rsquo;amour&#8230;<br \/>\nL&rsquo;essai est marqu\u00e9,<br \/>\nil faudrait alors,<br \/>\ncomme disent les rugbymen, le transformer.<\/em><\/p>\n<p align=\"right\"><strong>Pierre Dehaye<\/strong><\/p>\n<\/blockquote>\n","protected":false},"excerpt":{"rendered":"<p>Le d\u00e9sir est souvent la passerelle de l&rsquo;amour&#8230; L&rsquo;essai est marqu\u00e9, il faudrait alors, comme disent les rugbymen, le transformer. Pierre Dehaye<\/p>\n","protected":false},"author":3,"featured_media":1717,"comment_status":"open","ping_status":"closed","sticky":false,"template":"","format":"standard","meta":{"footnotes":""},"categories":[735,750,16,772],"tags":[446,482,486],"class_list":["post-3129","post","type-post","status-publish","format-standard","has-post-thumbnail","hentry","category-ete-4","category-objet","category-paysage","category-st-narcisse","tag-passerelle","tag-pont","tag-portes_enfer"],"yoast_head":"<!-- This site is optimized with the Yoast SEO plugin v26.9 - https:\/\/yoast.com\/product\/yoast-seo-wordpress\/ -->\n<title>La passerelle - Gino Caron Photographe<\/title>\n<meta name=\"robots\" content=\"index, follow, max-snippet:-1, max-image-preview:large, max-video-preview:-1\" \/>\n<link rel=\"canonical\" href=\"https:\/\/www.gino-caron.com\/photoblog\/148\/\" \/>\n<meta property=\"og:locale\" content=\"fr_FR\" \/>\n<meta property=\"og:type\" content=\"article\" \/>\n<meta property=\"og:title\" content=\"La passerelle - Gino Caron Photographe\" \/>\n<meta property=\"og:description\" content=\"Le d\u00e9sir est souvent la passerelle de l&rsquo;amour&#8230; L&rsquo;essai est marqu\u00e9, il faudrait alors, comme disent les rugbymen, le transformer. Pierre Dehaye\" \/>\n<meta property=\"og:url\" content=\"https:\/\/www.gino-caron.com\/photoblog\/148\/\" \/>\n<meta property=\"og:site_name\" content=\"Gino Caron Photographe\" \/>\n<meta property=\"article:publisher\" content=\"https:\/\/www.facebook.com\/Gino.Caron.Photo\" \/>\n<meta property=\"article:published_time\" content=\"2007-03-09T00:54:41+00:00\" \/>\n<meta property=\"article:modified_time\" content=\"2015-09-28T00:18:42+00:00\" \/>\n<meta property=\"og:image\" content=\"https:\/\/www.gino-caron.com\/photoblog\/wp-content\/uploads\/2007\/03\/20070308205441_passerelle.jpg\" \/>\n\t<meta property=\"og:image:width\" content=\"800\" \/>\n\t<meta property=\"og:image:height\" content=\"533\" \/>\n\t<meta property=\"og:image:type\" content=\"image\/jpeg\" \/>\n<meta name=\"author\" content=\"Gino Caron\" \/>\n<meta name=\"twitter:card\" content=\"summary_large_image\" \/>\n<meta name=\"twitter:creator\" content=\"@GinoCaron\" \/>\n<meta name=\"twitter:site\" content=\"@GinoCaron\" \/>\n<meta name=\"twitter:label1\" content=\"\u00c9crit par\" \/>\n\t<meta name=\"twitter:data1\" content=\"Gino Caron\" \/>\n<script type=\"application\/ld+json\" class=\"yoast-schema-graph\">{\"@context\":\"https:\/\/schema.org\",\"@graph\":[{\"@type\":\"Article\",\"@id\":\"https:\/\/www.gino-caron.com\/photoblog\/148\/#article\",\"isPartOf\":{\"@id\":\"https:\/\/www.gino-caron.com\/photoblog\/148\/\"},\"author\":{\"name\":\"Gino Caron\",\"@id\":\"https:\/\/www.gino-caron.com\/photoblog\/#\/schema\/person\/137be5191e5940072a048b33b4c3b9e9\"},\"headline\":\"La passerelle\",\"datePublished\":\"2007-03-09T00:54:41+00:00\",\"dateModified\":\"2015-09-28T00:18:42+00:00\",\"mainEntityOfPage\":{\"@id\":\"https:\/\/www.gino-caron.com\/photoblog\/148\/\"},\"wordCount\":25,\"commentCount\":1,\"publisher\":{\"@id\":\"https:\/\/www.gino-caron.com\/photoblog\/#organization\"},\"image\":{\"@id\":\"https:\/\/www.gino-caron.com\/photoblog\/148\/#primaryimage\"},\"thumbnailUrl\":\"https:\/\/www.gino-caron.com\/photoblog\/wp-content\/uploads\/2007\/03\/20070308205441_passerelle.jpg\",\"keywords\":[\"passerelle\",\"pont\",\"portes de l'enfer\"],\"articleSection\":[\"\u00c9t\u00e9\",\"Objet\",\"Paysage\",\"St-Narcisse\"],\"inLanguage\":\"fr-FR\",\"potentialAction\":[{\"@type\":\"CommentAction\",\"name\":\"Comment\",\"target\":[\"https:\/\/www.gino-caron.com\/photoblog\/148\/#respond\"]}]},{\"@type\":\"WebPage\",\"@id\":\"https:\/\/www.gino-caron.com\/photoblog\/148\/\",\"url\":\"https:\/\/www.gino-caron.com\/photoblog\/148\/\",\"name\":\"La passerelle - Gino Caron Photographe\",\"isPartOf\":{\"@id\":\"https:\/\/www.gino-caron.com\/photoblog\/#website\"},\"primaryImageOfPage\":{\"@id\":\"https:\/\/www.gino-caron.com\/photoblog\/148\/#primaryimage\"},\"image\":{\"@id\":\"https:\/\/www.gino-caron.com\/photoblog\/148\/#primaryimage\"},\"thumbnailUrl\":\"https:\/\/www.gino-caron.com\/photoblog\/wp-content\/uploads\/2007\/03\/20070308205441_passerelle.jpg\",\"datePublished\":\"2007-03-09T00:54:41+00:00\",\"dateModified\":\"2015-09-28T00:18:42+00:00\",\"breadcrumb\":{\"@id\":\"https:\/\/www.gino-caron.com\/photoblog\/148\/#breadcrumb\"},\"inLanguage\":\"fr-FR\",\"potentialAction\":[{\"@type\":\"ReadAction\",\"target\":[\"https:\/\/www.gino-caron.com\/photoblog\/148\/\"]}]},{\"@type\":\"ImageObject\",\"inLanguage\":\"fr-FR\",\"@id\":\"https:\/\/www.gino-caron.com\/photoblog\/148\/#primaryimage\",\"url\":\"https:\/\/www.gino-caron.com\/photoblog\/wp-content\/uploads\/2007\/03\/20070308205441_passerelle.jpg\",\"contentUrl\":\"https:\/\/www.gino-caron.com\/photoblog\/wp-content\/uploads\/2007\/03\/20070308205441_passerelle.jpg\",\"width\":800,\"height\":533},{\"@type\":\"BreadcrumbList\",\"@id\":\"https:\/\/www.gino-caron.com\/photoblog\/148\/#breadcrumb\",\"itemListElement\":[{\"@type\":\"ListItem\",\"position\":1,\"name\":\"Accueil\",\"item\":\"https:\/\/www.gino-caron.com\/photoblog\/\"},{\"@type\":\"ListItem\",\"position\":2,\"name\":\"La passerelle\"}]},{\"@type\":\"WebSite\",\"@id\":\"https:\/\/www.gino-caron.com\/photoblog\/#website\",\"url\":\"https:\/\/www.gino-caron.com\/photoblog\/\",\"name\":\"Gino Caron Photographe\",\"description\":\"Photographe professionnel de la r\u00e9gion de Rimouski - Mont-Joli. Photo a\u00e9rienne, immobili\u00e8re, paysage, mariage, impression photo, photo num\u00e9rique.\",\"publisher\":{\"@id\":\"https:\/\/www.gino-caron.com\/photoblog\/#organization\"},\"potentialAction\":[{\"@type\":\"SearchAction\",\"target\":{\"@type\":\"EntryPoint\",\"urlTemplate\":\"https:\/\/www.gino-caron.com\/photoblog\/?s={search_term_string}\"},\"query-input\":{\"@type\":\"PropertyValueSpecification\",\"valueRequired\":true,\"valueName\":\"search_term_string\"}}],\"inLanguage\":\"fr-FR\"},{\"@type\":\"Organization\",\"@id\":\"https:\/\/www.gino-caron.com\/photoblog\/#organization\",\"name\":\"Gino Caron Photographe\",\"url\":\"https:\/\/www.gino-caron.com\/photoblog\/\",\"logo\":{\"@type\":\"ImageObject\",\"inLanguage\":\"fr-FR\",\"@id\":\"https:\/\/www.gino-caron.com\/photoblog\/#\/schema\/logo\/image\/\",\"url\":\"https:\/\/www.gino-caron.com\/photoblog\/wp-content\/uploads\/2024\/08\/sign_v3.png\",\"contentUrl\":\"https:\/\/www.gino-caron.com\/photoblog\/wp-content\/uploads\/2024\/08\/sign_v3.png\",\"width\":584,\"height\":442,\"caption\":\"Gino Caron Photographe\"},\"image\":{\"@id\":\"https:\/\/www.gino-caron.com\/photoblog\/#\/schema\/logo\/image\/\"},\"sameAs\":[\"https:\/\/www.facebook.com\/Gino.Caron.Photo\",\"https:\/\/x.com\/GinoCaron\",\"https:\/\/www.instagram.com\/ginocaron\/\"]},{\"@type\":\"Person\",\"@id\":\"https:\/\/www.gino-caron.com\/photoblog\/#\/schema\/person\/137be5191e5940072a048b33b4c3b9e9\",\"name\":\"Gino Caron\",\"image\":{\"@type\":\"ImageObject\",\"inLanguage\":\"fr-FR\",\"@id\":\"https:\/\/www.gino-caron.com\/photoblog\/#\/schema\/person\/image\/\",\"url\":\"https:\/\/secure.gravatar.com\/avatar\/d4e0e08b17e64347b8c7208bf8b2a22f37b2d9fa9ef9d4024b2d96c4fd9ef77b?s=96&d=mm&r=g\",\"contentUrl\":\"https:\/\/secure.gravatar.com\/avatar\/d4e0e08b17e64347b8c7208bf8b2a22f37b2d9fa9ef9d4024b2d96c4fd9ef77b?s=96&d=mm&r=g\",\"caption\":\"Gino Caron\"},\"sameAs\":[\"http:\/\/www.gino-caron.com\"],\"url\":\"https:\/\/www.gino-caron.com\/photoblog\/author\/electro76\/\"}]}<\/script>\n<!-- \/ Yoast SEO plugin. -->","yoast_head_json":{"title":"La passerelle - Gino Caron Photographe","robots":{"index":"index","follow":"follow","max-snippet":"max-snippet:-1","max-image-preview":"max-image-preview:large","max-video-preview":"max-video-preview:-1"},"canonical":"https:\/\/www.gino-caron.com\/photoblog\/148\/","og_locale":"fr_FR","og_type":"article","og_title":"La passerelle - Gino Caron Photographe","og_description":"Le d\u00e9sir est souvent la passerelle de l&rsquo;amour&#8230; L&rsquo;essai est marqu\u00e9, il faudrait alors, comme disent les rugbymen, le transformer. Pierre Dehaye","og_url":"https:\/\/www.gino-caron.com\/photoblog\/148\/","og_site_name":"Gino Caron Photographe","article_publisher":"https:\/\/www.facebook.com\/Gino.Caron.Photo","article_published_time":"2007-03-09T00:54:41+00:00","article_modified_time":"2015-09-28T00:18:42+00:00","og_image":[{"width":800,"height":533,"url":"https:\/\/www.gino-caron.com\/photoblog\/wp-content\/uploads\/2007\/03\/20070308205441_passerelle.jpg","type":"image\/jpeg"}],"author":"Gino Caron","twitter_card":"summary_large_image","twitter_creator":"@GinoCaron","twitter_site":"@GinoCaron","twitter_misc":{"\u00c9crit par":"Gino Caron"},"schema":{"@context":"https:\/\/schema.org","@graph":[{"@type":"Article","@id":"https:\/\/www.gino-caron.com\/photoblog\/148\/#article","isPartOf":{"@id":"https:\/\/www.gino-caron.com\/photoblog\/148\/"},"author":{"name":"Gino Caron","@id":"https:\/\/www.gino-caron.com\/photoblog\/#\/schema\/person\/137be5191e5940072a048b33b4c3b9e9"},"headline":"La passerelle","datePublished":"2007-03-09T00:54:41+00:00","dateModified":"2015-09-28T00:18:42+00:00","mainEntityOfPage":{"@id":"https:\/\/www.gino-caron.com\/photoblog\/148\/"},"wordCount":25,"commentCount":1,"publisher":{"@id":"https:\/\/www.gino-caron.com\/photoblog\/#organization"},"image":{"@id":"https:\/\/www.gino-caron.com\/photoblog\/148\/#primaryimage"},"thumbnailUrl":"https:\/\/www.gino-caron.com\/photoblog\/wp-content\/uploads\/2007\/03\/20070308205441_passerelle.jpg","keywords":["passerelle","pont","portes de l'enfer"],"articleSection":["\u00c9t\u00e9","Objet","Paysage","St-Narcisse"],"inLanguage":"fr-FR","potentialAction":[{"@type":"CommentAction","name":"Comment","target":["https:\/\/www.gino-caron.com\/photoblog\/148\/#respond"]}]},{"@type":"WebPage","@id":"https:\/\/www.gino-caron.com\/photoblog\/148\/","url":"https:\/\/www.gino-caron.com\/photoblog\/148\/","name":"La passerelle - Gino Caron Photographe","isPartOf":{"@id":"https:\/\/www.gino-caron.com\/photoblog\/#website"},"primaryImageOfPage":{"@id":"https:\/\/www.gino-caron.com\/photoblog\/148\/#primaryimage"},"image":{"@id":"https:\/\/www.gino-caron.com\/photoblog\/148\/#primaryimage"},"thumbnailUrl":"https:\/\/www.gino-caron.com\/photoblog\/wp-content\/uploads\/2007\/03\/20070308205441_passerelle.jpg","datePublished":"2007-03-09T00:54:41+00:00","dateModified":"2015-09-28T00:18:42+00:00","breadcrumb":{"@id":"https:\/\/www.gino-caron.com\/photoblog\/148\/#breadcrumb"},"inLanguage":"fr-FR","potentialAction":[{"@type":"ReadAction","target":["https:\/\/www.gino-caron.com\/photoblog\/148\/"]}]},{"@type":"ImageObject","inLanguage":"fr-FR","@id":"https:\/\/www.gino-caron.com\/photoblog\/148\/#primaryimage","url":"https:\/\/www.gino-caron.com\/photoblog\/wp-content\/uploads\/2007\/03\/20070308205441_passerelle.jpg","contentUrl":"https:\/\/www.gino-caron.com\/photoblog\/wp-content\/uploads\/2007\/03\/20070308205441_passerelle.jpg","width":800,"height":533},{"@type":"BreadcrumbList","@id":"https:\/\/www.gino-caron.com\/photoblog\/148\/#breadcrumb","itemListElement":[{"@type":"ListItem","position":1,"name":"Accueil","item":"https:\/\/www.gino-caron.com\/photoblog\/"},{"@type":"ListItem","position":2,"name":"La passerelle"}]},{"@type":"WebSite","@id":"https:\/\/www.gino-caron.com\/photoblog\/#website","url":"https:\/\/www.gino-caron.com\/photoblog\/","name":"Gino Caron Photographe","description":"Photographe professionnel de la r\u00e9gion de Rimouski - Mont-Joli. Photo a\u00e9rienne, immobili\u00e8re, paysage, mariage, impression photo, photo num\u00e9rique.","publisher":{"@id":"https:\/\/www.gino-caron.com\/photoblog\/#organization"},"potentialAction":[{"@type":"SearchAction","target":{"@type":"EntryPoint","urlTemplate":"https:\/\/www.gino-caron.com\/photoblog\/?s={search_term_string}"},"query-input":{"@type":"PropertyValueSpecification","valueRequired":true,"valueName":"search_term_string"}}],"inLanguage":"fr-FR"},{"@type":"Organization","@id":"https:\/\/www.gino-caron.com\/photoblog\/#organization","name":"Gino Caron Photographe","url":"https:\/\/www.gino-caron.com\/photoblog\/","logo":{"@type":"ImageObject","inLanguage":"fr-FR","@id":"https:\/\/www.gino-caron.com\/photoblog\/#\/schema\/logo\/image\/","url":"https:\/\/www.gino-caron.com\/photoblog\/wp-content\/uploads\/2024\/08\/sign_v3.png","contentUrl":"https:\/\/www.gino-caron.com\/photoblog\/wp-content\/uploads\/2024\/08\/sign_v3.png","width":584,"height":442,"caption":"Gino Caron Photographe"},"image":{"@id":"https:\/\/www.gino-caron.com\/photoblog\/#\/schema\/logo\/image\/"},"sameAs":["https:\/\/www.facebook.com\/Gino.Caron.Photo","https:\/\/x.com\/GinoCaron","https:\/\/www.instagram.com\/ginocaron\/"]},{"@type":"Person","@id":"https:\/\/www.gino-caron.com\/photoblog\/#\/schema\/person\/137be5191e5940072a048b33b4c3b9e9","name":"Gino Caron","image":{"@type":"ImageObject","inLanguage":"fr-FR","@id":"https:\/\/www.gino-caron.com\/photoblog\/#\/schema\/person\/image\/","url":"https:\/\/secure.gravatar.com\/avatar\/d4e0e08b17e64347b8c7208bf8b2a22f37b2d9fa9ef9d4024b2d96c4fd9ef77b?s=96&d=mm&r=g","contentUrl":"https:\/\/secure.gravatar.com\/avatar\/d4e0e08b17e64347b8c7208bf8b2a22f37b2d9fa9ef9d4024b2d96c4fd9ef77b?s=96&d=mm&r=g","caption":"Gino Caron"},"sameAs":["http:\/\/www.gino-caron.com"],"url":"https:\/\/www.gino-caron.com\/photoblog\/author\/electro76\/"}]}},"_links":{"self":[{"href":"https:\/\/www.gino-caron.com\/photoblog\/wp-json\/wp\/v2\/posts\/3129","targetHints":{"allow":["GET"]}}],"collection":[{"href":"https:\/\/www.gino-caron.com\/photoblog\/wp-json\/wp\/v2\/posts"}],"about":[{"href":"https:\/\/www.gino-caron.com\/photoblog\/wp-json\/wp\/v2\/types\/post"}],"author":[{"embeddable":true,"href":"https:\/\/www.gino-caron.com\/photoblog\/wp-json\/wp\/v2\/users\/3"}],"replies":[{"embeddable":true,"href":"https:\/\/www.gino-caron.com\/photoblog\/wp-json\/wp\/v2\/comments?post=3129"}],"version-history":[{"count":2,"href":"https:\/\/www.gino-caron.com\/photoblog\/wp-json\/wp\/v2\/posts\/3129\/revisions"}],"predecessor-version":[{"id":5708,"href":"https:\/\/www.gino-caron.com\/photoblog\/wp-json\/wp\/v2\/posts\/3129\/revisions\/5708"}],"wp:featuredmedia":[{"embeddable":true,"href":"https:\/\/www.gino-caron.com\/photoblog\/wp-json\/wp\/v2\/media\/1717"}],"wp:attachment":[{"href":"https:\/\/www.gino-caron.com\/photoblog\/wp-json\/wp\/v2\/media?parent=3129"}],"wp:term":[{"taxonomy":"category","embeddable":true,"href":"https:\/\/www.gino-caron.com\/photoblog\/wp-json\/wp\/v2\/categories?post=3129"},{"taxonomy":"post_tag","embeddable":true,"href":"https:\/\/www.gino-caron.com\/photoblog\/wp-json\/wp\/v2\/tags?post=3129"}],"curies":[{"name":"wp","href":"https:\/\/api.w.org\/{rel}","templated":true}]}}