{"id":3025,"date":"2012-07-15T20:48:32","date_gmt":"2012-07-16T00:48:32","guid":{"rendered":"http:\/\/ginocaro.mywhc.ca\/photo\/?p=3025"},"modified":"2015-09-27T19:31:35","modified_gmt":"2015-09-27T23:31:35","slug":"910","status":"publish","type":"post","link":"https:\/\/www.gino-caron.com\/photoblog\/910\/","title":{"rendered":"Arbre solitaire"},"content":{"rendered":"<p>St-Anaclet-de-Lessard, Bas-St-Laurent, Qu\u00e9bes<\/p>\n","protected":false},"excerpt":{"rendered":"<p>St-Anaclet-de-Lessard, Bas-St-Laurent, Qu\u00e9bes<\/p>\n","protected":false},"author":3,"featured_media":3026,"comment_status":"open","ping_status":"closed","sticky":false,"template":"","format":"standard","meta":{"footnotes":""},"categories":[735,743,16,737],"tags":[57,152,723,621],"class_list":["post-3025","post","type-post","status-publish","format-standard","has-post-thumbnail","hentry","category-ete-4","category-neigette-2","category-paysage","category-st-anaclet-de-lessard","tag-arbre","tag-champs","tag-solitude","tag-vert"],"yoast_head":"<!-- This site is optimized with the Yoast SEO plugin v26.9 - https:\/\/yoast.com\/product\/yoast-seo-wordpress\/ -->\n<title>Arbre solitaire - Gino Caron Photographe<\/title>\n<meta name=\"robots\" content=\"index, follow, max-snippet:-1, max-image-preview:large, max-video-preview:-1\" \/>\n<link rel=\"canonical\" href=\"https:\/\/www.gino-caron.com\/photoblog\/910\/\" \/>\n<meta property=\"og:locale\" content=\"fr_FR\" \/>\n<meta property=\"og:type\" content=\"article\" \/>\n<meta property=\"og:title\" content=\"Arbre solitaire - Gino Caron Photographe\" \/>\n<meta property=\"og:description\" content=\"St-Anaclet-de-Lessard, Bas-St-Laurent, Qu\u00e9bes\" \/>\n<meta property=\"og:url\" content=\"https:\/\/www.gino-caron.com\/photoblog\/910\/\" \/>\n<meta property=\"og:site_name\" content=\"Gino Caron Photographe\" \/>\n<meta property=\"article:publisher\" content=\"https:\/\/www.facebook.com\/Gino.Caron.Photo\" \/>\n<meta property=\"article:published_time\" content=\"2012-07-16T00:48:32+00:00\" \/>\n<meta property=\"article:modified_time\" content=\"2015-09-27T23:31:35+00:00\" \/>\n<meta property=\"og:image\" content=\"https:\/\/www.gino-caron.com\/photoblog\/wp-content\/uploads\/2012\/07\/20120718204832_img_1911.jpg\" \/>\n\t<meta property=\"og:image:width\" content=\"533\" \/>\n\t<meta property=\"og:image:height\" content=\"800\" \/>\n\t<meta property=\"og:image:type\" content=\"image\/jpeg\" \/>\n<meta name=\"author\" content=\"Gino Caron\" \/>\n<meta name=\"twitter:card\" content=\"summary_large_image\" \/>\n<meta name=\"twitter:creator\" content=\"@GinoCaron\" \/>\n<meta name=\"twitter:site\" content=\"@GinoCaron\" \/>\n<meta name=\"twitter:label1\" content=\"\u00c9crit par\" \/>\n\t<meta name=\"twitter:data1\" content=\"Gino Caron\" \/>\n<script type=\"application\/ld+json\" class=\"yoast-schema-graph\">{\"@context\":\"https:\/\/schema.org\",\"@graph\":[{\"@type\":\"Article\",\"@id\":\"https:\/\/www.gino-caron.com\/photoblog\/910\/#article\",\"isPartOf\":{\"@id\":\"https:\/\/www.gino-caron.com\/photoblog\/910\/\"},\"author\":{\"name\":\"Gino Caron\",\"@id\":\"https:\/\/www.gino-caron.com\/photoblog\/#\/schema\/person\/137be5191e5940072a048b33b4c3b9e9\"},\"headline\":\"Arbre solitaire\",\"datePublished\":\"2012-07-16T00:48:32+00:00\",\"dateModified\":\"2015-09-27T23:31:35+00:00\",\"mainEntityOfPage\":{\"@id\":\"https:\/\/www.gino-caron.com\/photoblog\/910\/\"},\"wordCount\":6,\"commentCount\":0,\"publisher\":{\"@id\":\"https:\/\/www.gino-caron.com\/photoblog\/#organization\"},\"image\":{\"@id\":\"https:\/\/www.gino-caron.com\/photoblog\/910\/#primaryimage\"},\"thumbnailUrl\":\"https:\/\/www.gino-caron.com\/photoblog\/wp-content\/uploads\/2012\/07\/20120718204832_img_1911.jpg\",\"keywords\":[\"arbre\",\"champs\",\"solitude\",\"vert\"],\"articleSection\":[\"\u00c9t\u00e9\",\"Neigette\",\"Paysage\",\"St-Anaclet-de-Lessard\"],\"inLanguage\":\"fr-FR\",\"potentialAction\":[{\"@type\":\"CommentAction\",\"name\":\"Comment\",\"target\":[\"https:\/\/www.gino-caron.com\/photoblog\/910\/#respond\"]}]},{\"@type\":\"WebPage\",\"@id\":\"https:\/\/www.gino-caron.com\/photoblog\/910\/\",\"url\":\"https:\/\/www.gino-caron.com\/photoblog\/910\/\",\"name\":\"Arbre solitaire - Gino Caron Photographe\",\"isPartOf\":{\"@id\":\"https:\/\/www.gino-caron.com\/photoblog\/#website\"},\"primaryImageOfPage\":{\"@id\":\"https:\/\/www.gino-caron.com\/photoblog\/910\/#primaryimage\"},\"image\":{\"@id\":\"https:\/\/www.gino-caron.com\/photoblog\/910\/#primaryimage\"},\"thumbnailUrl\":\"https:\/\/www.gino-caron.com\/photoblog\/wp-content\/uploads\/2012\/07\/20120718204832_img_1911.jpg\",\"datePublished\":\"2012-07-16T00:48:32+00:00\",\"dateModified\":\"2015-09-27T23:31:35+00:00\",\"breadcrumb\":{\"@id\":\"https:\/\/www.gino-caron.com\/photoblog\/910\/#breadcrumb\"},\"inLanguage\":\"fr-FR\",\"potentialAction\":[{\"@type\":\"ReadAction\",\"target\":[\"https:\/\/www.gino-caron.com\/photoblog\/910\/\"]}]},{\"@type\":\"ImageObject\",\"inLanguage\":\"fr-FR\",\"@id\":\"https:\/\/www.gino-caron.com\/photoblog\/910\/#primaryimage\",\"url\":\"https:\/\/www.gino-caron.com\/photoblog\/wp-content\/uploads\/2012\/07\/20120718204832_img_1911.jpg\",\"contentUrl\":\"https:\/\/www.gino-caron.com\/photoblog\/wp-content\/uploads\/2012\/07\/20120718204832_img_1911.jpg\",\"width\":533,\"height\":800},{\"@type\":\"BreadcrumbList\",\"@id\":\"https:\/\/www.gino-caron.com\/photoblog\/910\/#breadcrumb\",\"itemListElement\":[{\"@type\":\"ListItem\",\"position\":1,\"name\":\"Accueil\",\"item\":\"https:\/\/www.gino-caron.com\/photoblog\/\"},{\"@type\":\"ListItem\",\"position\":2,\"name\":\"Arbre solitaire\"}]},{\"@type\":\"WebSite\",\"@id\":\"https:\/\/www.gino-caron.com\/photoblog\/#website\",\"url\":\"https:\/\/www.gino-caron.com\/photoblog\/\",\"name\":\"Gino Caron Photographe\",\"description\":\"Photographe professionnel de la r\u00e9gion de Rimouski - Mont-Joli. Photo a\u00e9rienne, immobili\u00e8re, paysage, mariage, impression photo, photo num\u00e9rique.\",\"publisher\":{\"@id\":\"https:\/\/www.gino-caron.com\/photoblog\/#organization\"},\"potentialAction\":[{\"@type\":\"SearchAction\",\"target\":{\"@type\":\"EntryPoint\",\"urlTemplate\":\"https:\/\/www.gino-caron.com\/photoblog\/?s={search_term_string}\"},\"query-input\":{\"@type\":\"PropertyValueSpecification\",\"valueRequired\":true,\"valueName\":\"search_term_string\"}}],\"inLanguage\":\"fr-FR\"},{\"@type\":\"Organization\",\"@id\":\"https:\/\/www.gino-caron.com\/photoblog\/#organization\",\"name\":\"Gino Caron Photographe\",\"url\":\"https:\/\/www.gino-caron.com\/photoblog\/\",\"logo\":{\"@type\":\"ImageObject\",\"inLanguage\":\"fr-FR\",\"@id\":\"https:\/\/www.gino-caron.com\/photoblog\/#\/schema\/logo\/image\/\",\"url\":\"https:\/\/www.gino-caron.com\/photoblog\/wp-content\/uploads\/2024\/08\/sign_v3.png\",\"contentUrl\":\"https:\/\/www.gino-caron.com\/photoblog\/wp-content\/uploads\/2024\/08\/sign_v3.png\",\"width\":584,\"height\":442,\"caption\":\"Gino Caron Photographe\"},\"image\":{\"@id\":\"https:\/\/www.gino-caron.com\/photoblog\/#\/schema\/logo\/image\/\"},\"sameAs\":[\"https:\/\/www.facebook.com\/Gino.Caron.Photo\",\"https:\/\/x.com\/GinoCaron\",\"https:\/\/www.instagram.com\/ginocaron\/\"]},{\"@type\":\"Person\",\"@id\":\"https:\/\/www.gino-caron.com\/photoblog\/#\/schema\/person\/137be5191e5940072a048b33b4c3b9e9\",\"name\":\"Gino Caron\",\"image\":{\"@type\":\"ImageObject\",\"inLanguage\":\"fr-FR\",\"@id\":\"https:\/\/www.gino-caron.com\/photoblog\/#\/schema\/person\/image\/\",\"url\":\"https:\/\/secure.gravatar.com\/avatar\/d4e0e08b17e64347b8c7208bf8b2a22f37b2d9fa9ef9d4024b2d96c4fd9ef77b?s=96&d=mm&r=g\",\"contentUrl\":\"https:\/\/secure.gravatar.com\/avatar\/d4e0e08b17e64347b8c7208bf8b2a22f37b2d9fa9ef9d4024b2d96c4fd9ef77b?s=96&d=mm&r=g\",\"caption\":\"Gino Caron\"},\"sameAs\":[\"http:\/\/www.gino-caron.com\"],\"url\":\"https:\/\/www.gino-caron.com\/photoblog\/author\/electro76\/\"}]}<\/script>\n<!-- \/ Yoast SEO plugin. -->","yoast_head_json":{"title":"Arbre solitaire - Gino Caron Photographe","robots":{"index":"index","follow":"follow","max-snippet":"max-snippet:-1","max-image-preview":"max-image-preview:large","max-video-preview":"max-video-preview:-1"},"canonical":"https:\/\/www.gino-caron.com\/photoblog\/910\/","og_locale":"fr_FR","og_type":"article","og_title":"Arbre solitaire - Gino Caron Photographe","og_description":"St-Anaclet-de-Lessard, Bas-St-Laurent, Qu\u00e9bes","og_url":"https:\/\/www.gino-caron.com\/photoblog\/910\/","og_site_name":"Gino Caron Photographe","article_publisher":"https:\/\/www.facebook.com\/Gino.Caron.Photo","article_published_time":"2012-07-16T00:48:32+00:00","article_modified_time":"2015-09-27T23:31:35+00:00","og_image":[{"width":533,"height":800,"url":"https:\/\/www.gino-caron.com\/photoblog\/wp-content\/uploads\/2012\/07\/20120718204832_img_1911.jpg","type":"image\/jpeg"}],"author":"Gino Caron","twitter_card":"summary_large_image","twitter_creator":"@GinoCaron","twitter_site":"@GinoCaron","twitter_misc":{"\u00c9crit par":"Gino Caron"},"schema":{"@context":"https:\/\/schema.org","@graph":[{"@type":"Article","@id":"https:\/\/www.gino-caron.com\/photoblog\/910\/#article","isPartOf":{"@id":"https:\/\/www.gino-caron.com\/photoblog\/910\/"},"author":{"name":"Gino Caron","@id":"https:\/\/www.gino-caron.com\/photoblog\/#\/schema\/person\/137be5191e5940072a048b33b4c3b9e9"},"headline":"Arbre solitaire","datePublished":"2012-07-16T00:48:32+00:00","dateModified":"2015-09-27T23:31:35+00:00","mainEntityOfPage":{"@id":"https:\/\/www.gino-caron.com\/photoblog\/910\/"},"wordCount":6,"commentCount":0,"publisher":{"@id":"https:\/\/www.gino-caron.com\/photoblog\/#organization"},"image":{"@id":"https:\/\/www.gino-caron.com\/photoblog\/910\/#primaryimage"},"thumbnailUrl":"https:\/\/www.gino-caron.com\/photoblog\/wp-content\/uploads\/2012\/07\/20120718204832_img_1911.jpg","keywords":["arbre","champs","solitude","vert"],"articleSection":["\u00c9t\u00e9","Neigette","Paysage","St-Anaclet-de-Lessard"],"inLanguage":"fr-FR","potentialAction":[{"@type":"CommentAction","name":"Comment","target":["https:\/\/www.gino-caron.com\/photoblog\/910\/#respond"]}]},{"@type":"WebPage","@id":"https:\/\/www.gino-caron.com\/photoblog\/910\/","url":"https:\/\/www.gino-caron.com\/photoblog\/910\/","name":"Arbre solitaire - Gino Caron Photographe","isPartOf":{"@id":"https:\/\/www.gino-caron.com\/photoblog\/#website"},"primaryImageOfPage":{"@id":"https:\/\/www.gino-caron.com\/photoblog\/910\/#primaryimage"},"image":{"@id":"https:\/\/www.gino-caron.com\/photoblog\/910\/#primaryimage"},"thumbnailUrl":"https:\/\/www.gino-caron.com\/photoblog\/wp-content\/uploads\/2012\/07\/20120718204832_img_1911.jpg","datePublished":"2012-07-16T00:48:32+00:00","dateModified":"2015-09-27T23:31:35+00:00","breadcrumb":{"@id":"https:\/\/www.gino-caron.com\/photoblog\/910\/#breadcrumb"},"inLanguage":"fr-FR","potentialAction":[{"@type":"ReadAction","target":["https:\/\/www.gino-caron.com\/photoblog\/910\/"]}]},{"@type":"ImageObject","inLanguage":"fr-FR","@id":"https:\/\/www.gino-caron.com\/photoblog\/910\/#primaryimage","url":"https:\/\/www.gino-caron.com\/photoblog\/wp-content\/uploads\/2012\/07\/20120718204832_img_1911.jpg","contentUrl":"https:\/\/www.gino-caron.com\/photoblog\/wp-content\/uploads\/2012\/07\/20120718204832_img_1911.jpg","width":533,"height":800},{"@type":"BreadcrumbList","@id":"https:\/\/www.gino-caron.com\/photoblog\/910\/#breadcrumb","itemListElement":[{"@type":"ListItem","position":1,"name":"Accueil","item":"https:\/\/www.gino-caron.com\/photoblog\/"},{"@type":"ListItem","position":2,"name":"Arbre solitaire"}]},{"@type":"WebSite","@id":"https:\/\/www.gino-caron.com\/photoblog\/#website","url":"https:\/\/www.gino-caron.com\/photoblog\/","name":"Gino Caron Photographe","description":"Photographe professionnel de la r\u00e9gion de Rimouski - Mont-Joli. Photo a\u00e9rienne, immobili\u00e8re, paysage, mariage, impression photo, photo num\u00e9rique.","publisher":{"@id":"https:\/\/www.gino-caron.com\/photoblog\/#organization"},"potentialAction":[{"@type":"SearchAction","target":{"@type":"EntryPoint","urlTemplate":"https:\/\/www.gino-caron.com\/photoblog\/?s={search_term_string}"},"query-input":{"@type":"PropertyValueSpecification","valueRequired":true,"valueName":"search_term_string"}}],"inLanguage":"fr-FR"},{"@type":"Organization","@id":"https:\/\/www.gino-caron.com\/photoblog\/#organization","name":"Gino Caron Photographe","url":"https:\/\/www.gino-caron.com\/photoblog\/","logo":{"@type":"ImageObject","inLanguage":"fr-FR","@id":"https:\/\/www.gino-caron.com\/photoblog\/#\/schema\/logo\/image\/","url":"https:\/\/www.gino-caron.com\/photoblog\/wp-content\/uploads\/2024\/08\/sign_v3.png","contentUrl":"https:\/\/www.gino-caron.com\/photoblog\/wp-content\/uploads\/2024\/08\/sign_v3.png","width":584,"height":442,"caption":"Gino Caron Photographe"},"image":{"@id":"https:\/\/www.gino-caron.com\/photoblog\/#\/schema\/logo\/image\/"},"sameAs":["https:\/\/www.facebook.com\/Gino.Caron.Photo","https:\/\/x.com\/GinoCaron","https:\/\/www.instagram.com\/ginocaron\/"]},{"@type":"Person","@id":"https:\/\/www.gino-caron.com\/photoblog\/#\/schema\/person\/137be5191e5940072a048b33b4c3b9e9","name":"Gino Caron","image":{"@type":"ImageObject","inLanguage":"fr-FR","@id":"https:\/\/www.gino-caron.com\/photoblog\/#\/schema\/person\/image\/","url":"https:\/\/secure.gravatar.com\/avatar\/d4e0e08b17e64347b8c7208bf8b2a22f37b2d9fa9ef9d4024b2d96c4fd9ef77b?s=96&d=mm&r=g","contentUrl":"https:\/\/secure.gravatar.com\/avatar\/d4e0e08b17e64347b8c7208bf8b2a22f37b2d9fa9ef9d4024b2d96c4fd9ef77b?s=96&d=mm&r=g","caption":"Gino Caron"},"sameAs":["http:\/\/www.gino-caron.com"],"url":"https:\/\/www.gino-caron.com\/photoblog\/author\/electro76\/"}]}},"_links":{"self":[{"href":"https:\/\/www.gino-caron.com\/photoblog\/wp-json\/wp\/v2\/posts\/3025","targetHints":{"allow":["GET"]}}],"collection":[{"href":"https:\/\/www.gino-caron.com\/photoblog\/wp-json\/wp\/v2\/posts"}],"about":[{"href":"https:\/\/www.gino-caron.com\/photoblog\/wp-json\/wp\/v2\/types\/post"}],"author":[{"embeddable":true,"href":"https:\/\/www.gino-caron.com\/photoblog\/wp-json\/wp\/v2\/users\/3"}],"replies":[{"embeddable":true,"href":"https:\/\/www.gino-caron.com\/photoblog\/wp-json\/wp\/v2\/comments?post=3025"}],"version-history":[{"count":3,"href":"https:\/\/www.gino-caron.com\/photoblog\/wp-json\/wp\/v2\/posts\/3025\/revisions"}],"predecessor-version":[{"id":7158,"href":"https:\/\/www.gino-caron.com\/photoblog\/wp-json\/wp\/v2\/posts\/3025\/revisions\/7158"}],"wp:featuredmedia":[{"embeddable":true,"href":"https:\/\/www.gino-caron.com\/photoblog\/wp-json\/wp\/v2\/media\/3026"}],"wp:attachment":[{"href":"https:\/\/www.gino-caron.com\/photoblog\/wp-json\/wp\/v2\/media?parent=3025"}],"wp:term":[{"taxonomy":"category","embeddable":true,"href":"https:\/\/www.gino-caron.com\/photoblog\/wp-json\/wp\/v2\/categories?post=3025"},{"taxonomy":"post_tag","embeddable":true,"href":"https:\/\/www.gino-caron.com\/photoblog\/wp-json\/wp\/v2\/tags?post=3025"}],"curies":[{"name":"wp","href":"https:\/\/api.w.org\/{rel}","templated":true}]}}