{"id":17399,"date":"2025-06-01T11:23:35","date_gmt":"2025-06-01T15:23:35","guid":{"rendered":"https:\/\/www.gino-caron.com\/photoblog\/?p=17399"},"modified":"2025-06-01T11:23:35","modified_gmt":"2025-06-01T15:23:35","slug":"un-peu-de-printemps-a-st-donat","status":"publish","type":"post","link":"https:\/\/www.gino-caron.com\/photoblog\/un-peu-de-printemps-a-st-donat\/","title":{"rendered":"Un peu de printemps \u00e0 St-Donat"},"content":{"rendered":"<p>Un souffle de lumi\u00e8re dor\u00e9e caresse les vallons de Saint-Donat, o\u00f9 les champs verdoyants ondulent doucement sous le ciel pastel d\u2019un soir paisible. La for\u00eat, dense et lumineuse, d\u00e9ploie ses jeunes feuillages d\u2019un vert \u00e9clatant, comme une mer v\u00e9g\u00e9tale au bord du printemps. Au loin, le village s\u2019\u00e9tire, humble et tranquille, entre les collines douces et les montagnes aux cimes mauves. L\u2019horizon fond dans une brume rose et bleue, rappelant la s\u00e9r\u00e9nit\u00e9 de la campagne qu\u00e9b\u00e9coise dans toute sa splendeur.<\/p>\n<p>Une sc\u00e8ne saisissante d\u2019harmonie entre nature et habitation, parfaite pour inspirer calme, ancrage et \u00e9merveillement.<\/p>\n<p>St-Donat, Bas-St-Laurent, Qu\u00e9bec<\/p>\n","protected":false},"excerpt":{"rendered":"<p>Un souffle de lumi\u00e8re dor\u00e9e caresse les vallons de Saint-Donat, o\u00f9 les champs verdoyants ondulent doucement sous le ciel pastel d\u2019un soir paisible. La for\u00eat, dense et lumineuse, d\u00e9ploie ses jeunes feuillages d\u2019un vert \u00e9clatant, comme une mer v\u00e9g\u00e9tale au bord du printemps. Au loin, le village s\u2019\u00e9tire, humble et tranquille, entre les collines douces [&hellip;]<\/p>\n","protected":false},"author":3,"featured_media":17398,"comment_status":"closed","ping_status":"open","sticky":false,"template":"","format":"standard","meta":{"footnotes":""},"categories":[860,16,744,32],"tags":[495,539,624],"class_list":["post-17399","post","type-post","status-publish","format-standard","has-post-thumbnail","hentry","category-aerienne","category-paysage","category-printemps-2","category-st-donat","tag-printemps","tag-rural","tag-village"],"yoast_head":"<!-- This site is optimized with the Yoast SEO plugin v26.9 - https:\/\/yoast.com\/product\/yoast-seo-wordpress\/ -->\n<title>Un peu de printemps \u00e0 St-Donat - Gino Caron Photographe<\/title>\n<meta name=\"robots\" content=\"index, follow, max-snippet:-1, max-image-preview:large, max-video-preview:-1\" \/>\n<link rel=\"canonical\" href=\"https:\/\/www.gino-caron.com\/photoblog\/un-peu-de-printemps-a-st-donat\/\" \/>\n<meta property=\"og:locale\" content=\"fr_FR\" \/>\n<meta property=\"og:type\" content=\"article\" \/>\n<meta property=\"og:title\" content=\"Un peu de printemps \u00e0 St-Donat - Gino Caron Photographe\" \/>\n<meta property=\"og:description\" content=\"Un souffle de lumi\u00e8re dor\u00e9e caresse les vallons de Saint-Donat, o\u00f9 les champs verdoyants ondulent doucement sous le ciel pastel d\u2019un soir paisible. La for\u00eat, dense et lumineuse, d\u00e9ploie ses jeunes feuillages d\u2019un vert \u00e9clatant, comme une mer v\u00e9g\u00e9tale au bord du printemps. Au loin, le village s\u2019\u00e9tire, humble et tranquille, entre les collines douces [&hellip;]\" \/>\n<meta property=\"og:url\" content=\"https:\/\/www.gino-caron.com\/photoblog\/un-peu-de-printemps-a-st-donat\/\" \/>\n<meta property=\"og:site_name\" content=\"Gino Caron Photographe\" \/>\n<meta property=\"article:publisher\" content=\"https:\/\/www.facebook.com\/Gino.Caron.Photo\" \/>\n<meta property=\"article:published_time\" content=\"2025-06-01T15:23:35+00:00\" \/>\n<meta property=\"og:image\" content=\"https:\/\/www.gino-caron.com\/photoblog\/wp-content\/uploads\/2025\/06\/PANO0355-Panorama-2-copy.jpg\" \/>\n\t<meta property=\"og:image:width\" content=\"1500\" \/>\n\t<meta property=\"og:image:height\" content=\"915\" \/>\n\t<meta property=\"og:image:type\" content=\"image\/jpeg\" \/>\n<meta name=\"author\" content=\"Gino Caron\" \/>\n<meta name=\"twitter:card\" content=\"summary_large_image\" \/>\n<meta name=\"twitter:creator\" content=\"@GinoCaron\" \/>\n<meta name=\"twitter:site\" content=\"@GinoCaron\" \/>\n<meta name=\"twitter:label1\" content=\"\u00c9crit par\" \/>\n\t<meta name=\"twitter:data1\" content=\"Gino Caron\" \/>\n\t<meta name=\"twitter:label2\" content=\"Dur\u00e9e de lecture estim\u00e9e\" \/>\n\t<meta name=\"twitter:data2\" content=\"1 minute\" \/>\n<script type=\"application\/ld+json\" class=\"yoast-schema-graph\">{\"@context\":\"https:\/\/schema.org\",\"@graph\":[{\"@type\":\"Article\",\"@id\":\"https:\/\/www.gino-caron.com\/photoblog\/un-peu-de-printemps-a-st-donat\/#article\",\"isPartOf\":{\"@id\":\"https:\/\/www.gino-caron.com\/photoblog\/un-peu-de-printemps-a-st-donat\/\"},\"author\":{\"name\":\"Gino Caron\",\"@id\":\"https:\/\/www.gino-caron.com\/photoblog\/#\/schema\/person\/137be5191e5940072a048b33b4c3b9e9\"},\"headline\":\"Un peu de printemps \u00e0 St-Donat\",\"datePublished\":\"2025-06-01T15:23:35+00:00\",\"mainEntityOfPage\":{\"@id\":\"https:\/\/www.gino-caron.com\/photoblog\/un-peu-de-printemps-a-st-donat\/\"},\"wordCount\":120,\"publisher\":{\"@id\":\"https:\/\/www.gino-caron.com\/photoblog\/#organization\"},\"image\":{\"@id\":\"https:\/\/www.gino-caron.com\/photoblog\/un-peu-de-printemps-a-st-donat\/#primaryimage\"},\"thumbnailUrl\":\"https:\/\/www.gino-caron.com\/photoblog\/wp-content\/uploads\/2025\/06\/PANO0355-Panorama-2-copy.jpg\",\"keywords\":[\"printemps\",\"rural\",\"village\"],\"articleSection\":[\"A\u00e9rienne\",\"Paysage\",\"Printemps\",\"St-Donat\"],\"inLanguage\":\"fr-FR\"},{\"@type\":\"WebPage\",\"@id\":\"https:\/\/www.gino-caron.com\/photoblog\/un-peu-de-printemps-a-st-donat\/\",\"url\":\"https:\/\/www.gino-caron.com\/photoblog\/un-peu-de-printemps-a-st-donat\/\",\"name\":\"Un peu de printemps \u00e0 St-Donat - Gino Caron Photographe\",\"isPartOf\":{\"@id\":\"https:\/\/www.gino-caron.com\/photoblog\/#website\"},\"primaryImageOfPage\":{\"@id\":\"https:\/\/www.gino-caron.com\/photoblog\/un-peu-de-printemps-a-st-donat\/#primaryimage\"},\"image\":{\"@id\":\"https:\/\/www.gino-caron.com\/photoblog\/un-peu-de-printemps-a-st-donat\/#primaryimage\"},\"thumbnailUrl\":\"https:\/\/www.gino-caron.com\/photoblog\/wp-content\/uploads\/2025\/06\/PANO0355-Panorama-2-copy.jpg\",\"datePublished\":\"2025-06-01T15:23:35+00:00\",\"breadcrumb\":{\"@id\":\"https:\/\/www.gino-caron.com\/photoblog\/un-peu-de-printemps-a-st-donat\/#breadcrumb\"},\"inLanguage\":\"fr-FR\",\"potentialAction\":[{\"@type\":\"ReadAction\",\"target\":[\"https:\/\/www.gino-caron.com\/photoblog\/un-peu-de-printemps-a-st-donat\/\"]}]},{\"@type\":\"ImageObject\",\"inLanguage\":\"fr-FR\",\"@id\":\"https:\/\/www.gino-caron.com\/photoblog\/un-peu-de-printemps-a-st-donat\/#primaryimage\",\"url\":\"https:\/\/www.gino-caron.com\/photoblog\/wp-content\/uploads\/2025\/06\/PANO0355-Panorama-2-copy.jpg\",\"contentUrl\":\"https:\/\/www.gino-caron.com\/photoblog\/wp-content\/uploads\/2025\/06\/PANO0355-Panorama-2-copy.jpg\",\"width\":1500,\"height\":915},{\"@type\":\"BreadcrumbList\",\"@id\":\"https:\/\/www.gino-caron.com\/photoblog\/un-peu-de-printemps-a-st-donat\/#breadcrumb\",\"itemListElement\":[{\"@type\":\"ListItem\",\"position\":1,\"name\":\"Accueil\",\"item\":\"https:\/\/www.gino-caron.com\/photoblog\/\"},{\"@type\":\"ListItem\",\"position\":2,\"name\":\"Un peu de printemps \u00e0 St-Donat\"}]},{\"@type\":\"WebSite\",\"@id\":\"https:\/\/www.gino-caron.com\/photoblog\/#website\",\"url\":\"https:\/\/www.gino-caron.com\/photoblog\/\",\"name\":\"Gino Caron Photographe\",\"description\":\"Photographe professionnel de la r\u00e9gion de Rimouski - Mont-Joli. Photo a\u00e9rienne, immobili\u00e8re, paysage, mariage, impression photo, photo num\u00e9rique.\",\"publisher\":{\"@id\":\"https:\/\/www.gino-caron.com\/photoblog\/#organization\"},\"potentialAction\":[{\"@type\":\"SearchAction\",\"target\":{\"@type\":\"EntryPoint\",\"urlTemplate\":\"https:\/\/www.gino-caron.com\/photoblog\/?s={search_term_string}\"},\"query-input\":{\"@type\":\"PropertyValueSpecification\",\"valueRequired\":true,\"valueName\":\"search_term_string\"}}],\"inLanguage\":\"fr-FR\"},{\"@type\":\"Organization\",\"@id\":\"https:\/\/www.gino-caron.com\/photoblog\/#organization\",\"name\":\"Gino Caron Photographe\",\"url\":\"https:\/\/www.gino-caron.com\/photoblog\/\",\"logo\":{\"@type\":\"ImageObject\",\"inLanguage\":\"fr-FR\",\"@id\":\"https:\/\/www.gino-caron.com\/photoblog\/#\/schema\/logo\/image\/\",\"url\":\"https:\/\/www.gino-caron.com\/photoblog\/wp-content\/uploads\/2024\/08\/sign_v3.png\",\"contentUrl\":\"https:\/\/www.gino-caron.com\/photoblog\/wp-content\/uploads\/2024\/08\/sign_v3.png\",\"width\":584,\"height\":442,\"caption\":\"Gino Caron Photographe\"},\"image\":{\"@id\":\"https:\/\/www.gino-caron.com\/photoblog\/#\/schema\/logo\/image\/\"},\"sameAs\":[\"https:\/\/www.facebook.com\/Gino.Caron.Photo\",\"https:\/\/x.com\/GinoCaron\",\"https:\/\/www.instagram.com\/ginocaron\/\"]},{\"@type\":\"Person\",\"@id\":\"https:\/\/www.gino-caron.com\/photoblog\/#\/schema\/person\/137be5191e5940072a048b33b4c3b9e9\",\"name\":\"Gino Caron\",\"image\":{\"@type\":\"ImageObject\",\"inLanguage\":\"fr-FR\",\"@id\":\"https:\/\/www.gino-caron.com\/photoblog\/#\/schema\/person\/image\/\",\"url\":\"https:\/\/secure.gravatar.com\/avatar\/d4e0e08b17e64347b8c7208bf8b2a22f37b2d9fa9ef9d4024b2d96c4fd9ef77b?s=96&d=mm&r=g\",\"contentUrl\":\"https:\/\/secure.gravatar.com\/avatar\/d4e0e08b17e64347b8c7208bf8b2a22f37b2d9fa9ef9d4024b2d96c4fd9ef77b?s=96&d=mm&r=g\",\"caption\":\"Gino Caron\"},\"sameAs\":[\"http:\/\/www.gino-caron.com\"],\"url\":\"https:\/\/www.gino-caron.com\/photoblog\/author\/electro76\/\"}]}<\/script>\n<!-- \/ Yoast SEO plugin. -->","yoast_head_json":{"title":"Un peu de printemps \u00e0 St-Donat - Gino Caron Photographe","robots":{"index":"index","follow":"follow","max-snippet":"max-snippet:-1","max-image-preview":"max-image-preview:large","max-video-preview":"max-video-preview:-1"},"canonical":"https:\/\/www.gino-caron.com\/photoblog\/un-peu-de-printemps-a-st-donat\/","og_locale":"fr_FR","og_type":"article","og_title":"Un peu de printemps \u00e0 St-Donat - Gino Caron Photographe","og_description":"Un souffle de lumi\u00e8re dor\u00e9e caresse les vallons de Saint-Donat, o\u00f9 les champs verdoyants ondulent doucement sous le ciel pastel d\u2019un soir paisible. La for\u00eat, dense et lumineuse, d\u00e9ploie ses jeunes feuillages d\u2019un vert \u00e9clatant, comme une mer v\u00e9g\u00e9tale au bord du printemps. Au loin, le village s\u2019\u00e9tire, humble et tranquille, entre les collines douces [&hellip;]","og_url":"https:\/\/www.gino-caron.com\/photoblog\/un-peu-de-printemps-a-st-donat\/","og_site_name":"Gino Caron Photographe","article_publisher":"https:\/\/www.facebook.com\/Gino.Caron.Photo","article_published_time":"2025-06-01T15:23:35+00:00","og_image":[{"width":1500,"height":915,"url":"https:\/\/www.gino-caron.com\/photoblog\/wp-content\/uploads\/2025\/06\/PANO0355-Panorama-2-copy.jpg","type":"image\/jpeg"}],"author":"Gino Caron","twitter_card":"summary_large_image","twitter_creator":"@GinoCaron","twitter_site":"@GinoCaron","twitter_misc":{"\u00c9crit par":"Gino Caron","Dur\u00e9e de lecture estim\u00e9e":"1 minute"},"schema":{"@context":"https:\/\/schema.org","@graph":[{"@type":"Article","@id":"https:\/\/www.gino-caron.com\/photoblog\/un-peu-de-printemps-a-st-donat\/#article","isPartOf":{"@id":"https:\/\/www.gino-caron.com\/photoblog\/un-peu-de-printemps-a-st-donat\/"},"author":{"name":"Gino Caron","@id":"https:\/\/www.gino-caron.com\/photoblog\/#\/schema\/person\/137be5191e5940072a048b33b4c3b9e9"},"headline":"Un peu de printemps \u00e0 St-Donat","datePublished":"2025-06-01T15:23:35+00:00","mainEntityOfPage":{"@id":"https:\/\/www.gino-caron.com\/photoblog\/un-peu-de-printemps-a-st-donat\/"},"wordCount":120,"publisher":{"@id":"https:\/\/www.gino-caron.com\/photoblog\/#organization"},"image":{"@id":"https:\/\/www.gino-caron.com\/photoblog\/un-peu-de-printemps-a-st-donat\/#primaryimage"},"thumbnailUrl":"https:\/\/www.gino-caron.com\/photoblog\/wp-content\/uploads\/2025\/06\/PANO0355-Panorama-2-copy.jpg","keywords":["printemps","rural","village"],"articleSection":["A\u00e9rienne","Paysage","Printemps","St-Donat"],"inLanguage":"fr-FR"},{"@type":"WebPage","@id":"https:\/\/www.gino-caron.com\/photoblog\/un-peu-de-printemps-a-st-donat\/","url":"https:\/\/www.gino-caron.com\/photoblog\/un-peu-de-printemps-a-st-donat\/","name":"Un peu de printemps \u00e0 St-Donat - Gino Caron Photographe","isPartOf":{"@id":"https:\/\/www.gino-caron.com\/photoblog\/#website"},"primaryImageOfPage":{"@id":"https:\/\/www.gino-caron.com\/photoblog\/un-peu-de-printemps-a-st-donat\/#primaryimage"},"image":{"@id":"https:\/\/www.gino-caron.com\/photoblog\/un-peu-de-printemps-a-st-donat\/#primaryimage"},"thumbnailUrl":"https:\/\/www.gino-caron.com\/photoblog\/wp-content\/uploads\/2025\/06\/PANO0355-Panorama-2-copy.jpg","datePublished":"2025-06-01T15:23:35+00:00","breadcrumb":{"@id":"https:\/\/www.gino-caron.com\/photoblog\/un-peu-de-printemps-a-st-donat\/#breadcrumb"},"inLanguage":"fr-FR","potentialAction":[{"@type":"ReadAction","target":["https:\/\/www.gino-caron.com\/photoblog\/un-peu-de-printemps-a-st-donat\/"]}]},{"@type":"ImageObject","inLanguage":"fr-FR","@id":"https:\/\/www.gino-caron.com\/photoblog\/un-peu-de-printemps-a-st-donat\/#primaryimage","url":"https:\/\/www.gino-caron.com\/photoblog\/wp-content\/uploads\/2025\/06\/PANO0355-Panorama-2-copy.jpg","contentUrl":"https:\/\/www.gino-caron.com\/photoblog\/wp-content\/uploads\/2025\/06\/PANO0355-Panorama-2-copy.jpg","width":1500,"height":915},{"@type":"BreadcrumbList","@id":"https:\/\/www.gino-caron.com\/photoblog\/un-peu-de-printemps-a-st-donat\/#breadcrumb","itemListElement":[{"@type":"ListItem","position":1,"name":"Accueil","item":"https:\/\/www.gino-caron.com\/photoblog\/"},{"@type":"ListItem","position":2,"name":"Un peu de printemps \u00e0 St-Donat"}]},{"@type":"WebSite","@id":"https:\/\/www.gino-caron.com\/photoblog\/#website","url":"https:\/\/www.gino-caron.com\/photoblog\/","name":"Gino Caron Photographe","description":"Photographe professionnel de la r\u00e9gion de Rimouski - Mont-Joli. Photo a\u00e9rienne, immobili\u00e8re, paysage, mariage, impression photo, photo num\u00e9rique.","publisher":{"@id":"https:\/\/www.gino-caron.com\/photoblog\/#organization"},"potentialAction":[{"@type":"SearchAction","target":{"@type":"EntryPoint","urlTemplate":"https:\/\/www.gino-caron.com\/photoblog\/?s={search_term_string}"},"query-input":{"@type":"PropertyValueSpecification","valueRequired":true,"valueName":"search_term_string"}}],"inLanguage":"fr-FR"},{"@type":"Organization","@id":"https:\/\/www.gino-caron.com\/photoblog\/#organization","name":"Gino Caron Photographe","url":"https:\/\/www.gino-caron.com\/photoblog\/","logo":{"@type":"ImageObject","inLanguage":"fr-FR","@id":"https:\/\/www.gino-caron.com\/photoblog\/#\/schema\/logo\/image\/","url":"https:\/\/www.gino-caron.com\/photoblog\/wp-content\/uploads\/2024\/08\/sign_v3.png","contentUrl":"https:\/\/www.gino-caron.com\/photoblog\/wp-content\/uploads\/2024\/08\/sign_v3.png","width":584,"height":442,"caption":"Gino Caron Photographe"},"image":{"@id":"https:\/\/www.gino-caron.com\/photoblog\/#\/schema\/logo\/image\/"},"sameAs":["https:\/\/www.facebook.com\/Gino.Caron.Photo","https:\/\/x.com\/GinoCaron","https:\/\/www.instagram.com\/ginocaron\/"]},{"@type":"Person","@id":"https:\/\/www.gino-caron.com\/photoblog\/#\/schema\/person\/137be5191e5940072a048b33b4c3b9e9","name":"Gino Caron","image":{"@type":"ImageObject","inLanguage":"fr-FR","@id":"https:\/\/www.gino-caron.com\/photoblog\/#\/schema\/person\/image\/","url":"https:\/\/secure.gravatar.com\/avatar\/d4e0e08b17e64347b8c7208bf8b2a22f37b2d9fa9ef9d4024b2d96c4fd9ef77b?s=96&d=mm&r=g","contentUrl":"https:\/\/secure.gravatar.com\/avatar\/d4e0e08b17e64347b8c7208bf8b2a22f37b2d9fa9ef9d4024b2d96c4fd9ef77b?s=96&d=mm&r=g","caption":"Gino Caron"},"sameAs":["http:\/\/www.gino-caron.com"],"url":"https:\/\/www.gino-caron.com\/photoblog\/author\/electro76\/"}]}},"_links":{"self":[{"href":"https:\/\/www.gino-caron.com\/photoblog\/wp-json\/wp\/v2\/posts\/17399","targetHints":{"allow":["GET"]}}],"collection":[{"href":"https:\/\/www.gino-caron.com\/photoblog\/wp-json\/wp\/v2\/posts"}],"about":[{"href":"https:\/\/www.gino-caron.com\/photoblog\/wp-json\/wp\/v2\/types\/post"}],"author":[{"embeddable":true,"href":"https:\/\/www.gino-caron.com\/photoblog\/wp-json\/wp\/v2\/users\/3"}],"replies":[{"embeddable":true,"href":"https:\/\/www.gino-caron.com\/photoblog\/wp-json\/wp\/v2\/comments?post=17399"}],"version-history":[{"count":1,"href":"https:\/\/www.gino-caron.com\/photoblog\/wp-json\/wp\/v2\/posts\/17399\/revisions"}],"predecessor-version":[{"id":17400,"href":"https:\/\/www.gino-caron.com\/photoblog\/wp-json\/wp\/v2\/posts\/17399\/revisions\/17400"}],"wp:featuredmedia":[{"embeddable":true,"href":"https:\/\/www.gino-caron.com\/photoblog\/wp-json\/wp\/v2\/media\/17398"}],"wp:attachment":[{"href":"https:\/\/www.gino-caron.com\/photoblog\/wp-json\/wp\/v2\/media?parent=17399"}],"wp:term":[{"taxonomy":"category","embeddable":true,"href":"https:\/\/www.gino-caron.com\/photoblog\/wp-json\/wp\/v2\/categories?post=17399"},{"taxonomy":"post_tag","embeddable":true,"href":"https:\/\/www.gino-caron.com\/photoblog\/wp-json\/wp\/v2\/tags?post=17399"}],"curies":[{"name":"wp","href":"https:\/\/api.w.org\/{rel}","templated":true}]}}