{"id":17292,"date":"2024-09-26T22:07:39","date_gmt":"2024-09-27T02:07:39","guid":{"rendered":"https:\/\/www.gino-caron.com\/photoblog\/?p=17292"},"modified":"2025-11-30T17:01:34","modified_gmt":"2025-11-30T21:01:34","slug":"paysage-rural-automnal-a-padoue","status":"publish","type":"post","link":"https:\/\/www.gino-caron.com\/photoblog\/paysage-rural-automnal-a-padoue\/","title":{"rendered":"Paysage rural automnal \u00e0 Padoue"},"content":{"rendered":"<p>Cette image a\u00e9rienne capture un paysage rural baign\u00e9 de lumi\u00e8re, o\u00f9 les vastes champs verts et dor\u00e9s s&rsquo;\u00e9tendent \u00e0 perte de vue, ponctu\u00e9s par quelques fermes et des routes sinueuses. \u00c0 l\u2019horizon, les collines se teintent des couleurs flamboyantes de l\u2019automne, un d\u00e9grad\u00e9 de rouge, jaune et orange contrastant avec l&rsquo;azur \u00e9clatant du ciel. Des nuages doux et cotonneux flottent doucement, ajoutant de la texture \u00e0 ce ciel d&rsquo;une infinie profondeur. <\/p>\n<p>Une route solitaire traverse la sc\u00e8ne, menant l\u2019\u0153il \u00e0 travers la campagne paisible, \u00e9voquant une s\u00e9r\u00e9nit\u00e9 empreinte de simplicit\u00e9 et de beaut\u00e9 naturelle.<\/p>\n<p>Padoue, Bas-St-Laurent, Qu\u00e9bec<\/p>\n","protected":false},"excerpt":{"rendered":"<p>Cette image a\u00e9rienne capture un paysage rural baign\u00e9 de lumi\u00e8re, o\u00f9 les vastes champs verts et dor\u00e9s s&rsquo;\u00e9tendent \u00e0 perte de vue, ponctu\u00e9s par quelques fermes et des routes sinueuses. \u00c0 l\u2019horizon, les collines se teintent des couleurs flamboyantes de l\u2019automne, un d\u00e9grad\u00e9 de rouge, jaune et orange contrastant avec l&rsquo;azur \u00e9clatant du ciel. Des [&hellip;]<\/p>\n","protected":false},"author":3,"featured_media":17290,"comment_status":"closed","ping_status":"open","sticky":false,"template":"","format":"standard","meta":{"footnotes":""},"categories":[860,26,30,16,1108],"tags":[167,536,540],"class_list":["post-17292","post","type-post","status-publish","format-standard","has-post-thumbnail","hentry","category-aerienne","category-automne","category-padoue","category-paysage","category-slider","tag-ciel","tag-route","tag-ruralite"],"yoast_head":"<!-- This site is optimized with the Yoast SEO plugin v26.9 - https:\/\/yoast.com\/product\/yoast-seo-wordpress\/ -->\n<title>Paysage rural automnal \u00e0 Padoue - Gino Caron Photographe<\/title>\n<meta name=\"robots\" content=\"index, follow, max-snippet:-1, max-image-preview:large, max-video-preview:-1\" \/>\n<link rel=\"canonical\" href=\"https:\/\/www.gino-caron.com\/photoblog\/paysage-rural-automnal-a-padoue\/\" \/>\n<meta property=\"og:locale\" content=\"fr_FR\" \/>\n<meta property=\"og:type\" content=\"article\" \/>\n<meta property=\"og:title\" content=\"Paysage rural automnal \u00e0 Padoue - Gino Caron Photographe\" \/>\n<meta property=\"og:description\" content=\"Cette image a\u00e9rienne capture un paysage rural baign\u00e9 de lumi\u00e8re, o\u00f9 les vastes champs verts et dor\u00e9s s&rsquo;\u00e9tendent \u00e0 perte de vue, ponctu\u00e9s par quelques fermes et des routes sinueuses. \u00c0 l\u2019horizon, les collines se teintent des couleurs flamboyantes de l\u2019automne, un d\u00e9grad\u00e9 de rouge, jaune et orange contrastant avec l&rsquo;azur \u00e9clatant du ciel. Des [&hellip;]\" \/>\n<meta property=\"og:url\" content=\"https:\/\/www.gino-caron.com\/photoblog\/paysage-rural-automnal-a-padoue\/\" \/>\n<meta property=\"og:site_name\" content=\"Gino Caron Photographe\" \/>\n<meta property=\"article:publisher\" content=\"https:\/\/www.facebook.com\/Gino.Caron.Photo\" \/>\n<meta property=\"article:published_time\" content=\"2024-09-27T02:07:39+00:00\" \/>\n<meta property=\"article:modified_time\" content=\"2025-11-30T21:01:34+00:00\" \/>\n<meta property=\"og:image\" content=\"https:\/\/www.gino-caron.com\/photoblog\/wp-content\/uploads\/2024\/09\/DJI_0359_DxO-Panorama-copy.jpg\" \/>\n\t<meta property=\"og:image:width\" content=\"1500\" \/>\n\t<meta property=\"og:image:height\" content=\"926\" \/>\n\t<meta property=\"og:image:type\" content=\"image\/jpeg\" \/>\n<meta name=\"author\" content=\"Gino Caron\" \/>\n<meta name=\"twitter:card\" content=\"summary_large_image\" \/>\n<meta name=\"twitter:creator\" content=\"@GinoCaron\" \/>\n<meta name=\"twitter:site\" content=\"@GinoCaron\" \/>\n<meta name=\"twitter:label1\" content=\"\u00c9crit par\" \/>\n\t<meta name=\"twitter:data1\" content=\"Gino Caron\" \/>\n\t<meta name=\"twitter:label2\" content=\"Dur\u00e9e de lecture estim\u00e9e\" \/>\n\t<meta name=\"twitter:data2\" content=\"1 minute\" \/>\n<script type=\"application\/ld+json\" class=\"yoast-schema-graph\">{\"@context\":\"https:\/\/schema.org\",\"@graph\":[{\"@type\":\"Article\",\"@id\":\"https:\/\/www.gino-caron.com\/photoblog\/paysage-rural-automnal-a-padoue\/#article\",\"isPartOf\":{\"@id\":\"https:\/\/www.gino-caron.com\/photoblog\/paysage-rural-automnal-a-padoue\/\"},\"author\":{\"name\":\"Gino Caron\",\"@id\":\"https:\/\/www.gino-caron.com\/photoblog\/#\/schema\/person\/137be5191e5940072a048b33b4c3b9e9\"},\"headline\":\"Paysage rural automnal \u00e0 Padoue\",\"datePublished\":\"2024-09-27T02:07:39+00:00\",\"dateModified\":\"2025-11-30T21:01:34+00:00\",\"mainEntityOfPage\":{\"@id\":\"https:\/\/www.gino-caron.com\/photoblog\/paysage-rural-automnal-a-padoue\/\"},\"wordCount\":110,\"publisher\":{\"@id\":\"https:\/\/www.gino-caron.com\/photoblog\/#organization\"},\"image\":{\"@id\":\"https:\/\/www.gino-caron.com\/photoblog\/paysage-rural-automnal-a-padoue\/#primaryimage\"},\"thumbnailUrl\":\"https:\/\/www.gino-caron.com\/photoblog\/wp-content\/uploads\/2024\/09\/DJI_0359_DxO-Panorama-copy.jpg\",\"keywords\":[\"ciel\",\"route\",\"ruralite\"],\"articleSection\":[\"A\u00e9rienne\",\"Automne\",\"Padoue\",\"Paysage\",\"slider\"],\"inLanguage\":\"fr-FR\"},{\"@type\":\"WebPage\",\"@id\":\"https:\/\/www.gino-caron.com\/photoblog\/paysage-rural-automnal-a-padoue\/\",\"url\":\"https:\/\/www.gino-caron.com\/photoblog\/paysage-rural-automnal-a-padoue\/\",\"name\":\"Paysage rural automnal \u00e0 Padoue - Gino Caron Photographe\",\"isPartOf\":{\"@id\":\"https:\/\/www.gino-caron.com\/photoblog\/#website\"},\"primaryImageOfPage\":{\"@id\":\"https:\/\/www.gino-caron.com\/photoblog\/paysage-rural-automnal-a-padoue\/#primaryimage\"},\"image\":{\"@id\":\"https:\/\/www.gino-caron.com\/photoblog\/paysage-rural-automnal-a-padoue\/#primaryimage\"},\"thumbnailUrl\":\"https:\/\/www.gino-caron.com\/photoblog\/wp-content\/uploads\/2024\/09\/DJI_0359_DxO-Panorama-copy.jpg\",\"datePublished\":\"2024-09-27T02:07:39+00:00\",\"dateModified\":\"2025-11-30T21:01:34+00:00\",\"breadcrumb\":{\"@id\":\"https:\/\/www.gino-caron.com\/photoblog\/paysage-rural-automnal-a-padoue\/#breadcrumb\"},\"inLanguage\":\"fr-FR\",\"potentialAction\":[{\"@type\":\"ReadAction\",\"target\":[\"https:\/\/www.gino-caron.com\/photoblog\/paysage-rural-automnal-a-padoue\/\"]}]},{\"@type\":\"ImageObject\",\"inLanguage\":\"fr-FR\",\"@id\":\"https:\/\/www.gino-caron.com\/photoblog\/paysage-rural-automnal-a-padoue\/#primaryimage\",\"url\":\"https:\/\/www.gino-caron.com\/photoblog\/wp-content\/uploads\/2024\/09\/DJI_0359_DxO-Panorama-copy.jpg\",\"contentUrl\":\"https:\/\/www.gino-caron.com\/photoblog\/wp-content\/uploads\/2024\/09\/DJI_0359_DxO-Panorama-copy.jpg\",\"width\":1500,\"height\":926},{\"@type\":\"BreadcrumbList\",\"@id\":\"https:\/\/www.gino-caron.com\/photoblog\/paysage-rural-automnal-a-padoue\/#breadcrumb\",\"itemListElement\":[{\"@type\":\"ListItem\",\"position\":1,\"name\":\"Accueil\",\"item\":\"https:\/\/www.gino-caron.com\/photoblog\/\"},{\"@type\":\"ListItem\",\"position\":2,\"name\":\"Paysage rural automnal \u00e0 Padoue\"}]},{\"@type\":\"WebSite\",\"@id\":\"https:\/\/www.gino-caron.com\/photoblog\/#website\",\"url\":\"https:\/\/www.gino-caron.com\/photoblog\/\",\"name\":\"Gino Caron Photographe\",\"description\":\"Photographe professionnel de la r\u00e9gion de Rimouski - Mont-Joli. Photo a\u00e9rienne, immobili\u00e8re, paysage, mariage, impression photo, photo num\u00e9rique.\",\"publisher\":{\"@id\":\"https:\/\/www.gino-caron.com\/photoblog\/#organization\"},\"potentialAction\":[{\"@type\":\"SearchAction\",\"target\":{\"@type\":\"EntryPoint\",\"urlTemplate\":\"https:\/\/www.gino-caron.com\/photoblog\/?s={search_term_string}\"},\"query-input\":{\"@type\":\"PropertyValueSpecification\",\"valueRequired\":true,\"valueName\":\"search_term_string\"}}],\"inLanguage\":\"fr-FR\"},{\"@type\":\"Organization\",\"@id\":\"https:\/\/www.gino-caron.com\/photoblog\/#organization\",\"name\":\"Gino Caron Photographe\",\"url\":\"https:\/\/www.gino-caron.com\/photoblog\/\",\"logo\":{\"@type\":\"ImageObject\",\"inLanguage\":\"fr-FR\",\"@id\":\"https:\/\/www.gino-caron.com\/photoblog\/#\/schema\/logo\/image\/\",\"url\":\"https:\/\/www.gino-caron.com\/photoblog\/wp-content\/uploads\/2024\/08\/sign_v3.png\",\"contentUrl\":\"https:\/\/www.gino-caron.com\/photoblog\/wp-content\/uploads\/2024\/08\/sign_v3.png\",\"width\":584,\"height\":442,\"caption\":\"Gino Caron Photographe\"},\"image\":{\"@id\":\"https:\/\/www.gino-caron.com\/photoblog\/#\/schema\/logo\/image\/\"},\"sameAs\":[\"https:\/\/www.facebook.com\/Gino.Caron.Photo\",\"https:\/\/x.com\/GinoCaron\",\"https:\/\/www.instagram.com\/ginocaron\/\"]},{\"@type\":\"Person\",\"@id\":\"https:\/\/www.gino-caron.com\/photoblog\/#\/schema\/person\/137be5191e5940072a048b33b4c3b9e9\",\"name\":\"Gino Caron\",\"image\":{\"@type\":\"ImageObject\",\"inLanguage\":\"fr-FR\",\"@id\":\"https:\/\/www.gino-caron.com\/photoblog\/#\/schema\/person\/image\/\",\"url\":\"https:\/\/secure.gravatar.com\/avatar\/d4e0e08b17e64347b8c7208bf8b2a22f37b2d9fa9ef9d4024b2d96c4fd9ef77b?s=96&d=mm&r=g\",\"contentUrl\":\"https:\/\/secure.gravatar.com\/avatar\/d4e0e08b17e64347b8c7208bf8b2a22f37b2d9fa9ef9d4024b2d96c4fd9ef77b?s=96&d=mm&r=g\",\"caption\":\"Gino Caron\"},\"sameAs\":[\"http:\/\/www.gino-caron.com\"],\"url\":\"https:\/\/www.gino-caron.com\/photoblog\/author\/electro76\/\"}]}<\/script>\n<!-- \/ Yoast SEO plugin. -->","yoast_head_json":{"title":"Paysage rural automnal \u00e0 Padoue - Gino Caron Photographe","robots":{"index":"index","follow":"follow","max-snippet":"max-snippet:-1","max-image-preview":"max-image-preview:large","max-video-preview":"max-video-preview:-1"},"canonical":"https:\/\/www.gino-caron.com\/photoblog\/paysage-rural-automnal-a-padoue\/","og_locale":"fr_FR","og_type":"article","og_title":"Paysage rural automnal \u00e0 Padoue - Gino Caron Photographe","og_description":"Cette image a\u00e9rienne capture un paysage rural baign\u00e9 de lumi\u00e8re, o\u00f9 les vastes champs verts et dor\u00e9s s&rsquo;\u00e9tendent \u00e0 perte de vue, ponctu\u00e9s par quelques fermes et des routes sinueuses. \u00c0 l\u2019horizon, les collines se teintent des couleurs flamboyantes de l\u2019automne, un d\u00e9grad\u00e9 de rouge, jaune et orange contrastant avec l&rsquo;azur \u00e9clatant du ciel. Des [&hellip;]","og_url":"https:\/\/www.gino-caron.com\/photoblog\/paysage-rural-automnal-a-padoue\/","og_site_name":"Gino Caron Photographe","article_publisher":"https:\/\/www.facebook.com\/Gino.Caron.Photo","article_published_time":"2024-09-27T02:07:39+00:00","article_modified_time":"2025-11-30T21:01:34+00:00","og_image":[{"width":1500,"height":926,"url":"https:\/\/www.gino-caron.com\/photoblog\/wp-content\/uploads\/2024\/09\/DJI_0359_DxO-Panorama-copy.jpg","type":"image\/jpeg"}],"author":"Gino Caron","twitter_card":"summary_large_image","twitter_creator":"@GinoCaron","twitter_site":"@GinoCaron","twitter_misc":{"\u00c9crit par":"Gino Caron","Dur\u00e9e de lecture estim\u00e9e":"1 minute"},"schema":{"@context":"https:\/\/schema.org","@graph":[{"@type":"Article","@id":"https:\/\/www.gino-caron.com\/photoblog\/paysage-rural-automnal-a-padoue\/#article","isPartOf":{"@id":"https:\/\/www.gino-caron.com\/photoblog\/paysage-rural-automnal-a-padoue\/"},"author":{"name":"Gino Caron","@id":"https:\/\/www.gino-caron.com\/photoblog\/#\/schema\/person\/137be5191e5940072a048b33b4c3b9e9"},"headline":"Paysage rural automnal \u00e0 Padoue","datePublished":"2024-09-27T02:07:39+00:00","dateModified":"2025-11-30T21:01:34+00:00","mainEntityOfPage":{"@id":"https:\/\/www.gino-caron.com\/photoblog\/paysage-rural-automnal-a-padoue\/"},"wordCount":110,"publisher":{"@id":"https:\/\/www.gino-caron.com\/photoblog\/#organization"},"image":{"@id":"https:\/\/www.gino-caron.com\/photoblog\/paysage-rural-automnal-a-padoue\/#primaryimage"},"thumbnailUrl":"https:\/\/www.gino-caron.com\/photoblog\/wp-content\/uploads\/2024\/09\/DJI_0359_DxO-Panorama-copy.jpg","keywords":["ciel","route","ruralite"],"articleSection":["A\u00e9rienne","Automne","Padoue","Paysage","slider"],"inLanguage":"fr-FR"},{"@type":"WebPage","@id":"https:\/\/www.gino-caron.com\/photoblog\/paysage-rural-automnal-a-padoue\/","url":"https:\/\/www.gino-caron.com\/photoblog\/paysage-rural-automnal-a-padoue\/","name":"Paysage rural automnal \u00e0 Padoue - Gino Caron Photographe","isPartOf":{"@id":"https:\/\/www.gino-caron.com\/photoblog\/#website"},"primaryImageOfPage":{"@id":"https:\/\/www.gino-caron.com\/photoblog\/paysage-rural-automnal-a-padoue\/#primaryimage"},"image":{"@id":"https:\/\/www.gino-caron.com\/photoblog\/paysage-rural-automnal-a-padoue\/#primaryimage"},"thumbnailUrl":"https:\/\/www.gino-caron.com\/photoblog\/wp-content\/uploads\/2024\/09\/DJI_0359_DxO-Panorama-copy.jpg","datePublished":"2024-09-27T02:07:39+00:00","dateModified":"2025-11-30T21:01:34+00:00","breadcrumb":{"@id":"https:\/\/www.gino-caron.com\/photoblog\/paysage-rural-automnal-a-padoue\/#breadcrumb"},"inLanguage":"fr-FR","potentialAction":[{"@type":"ReadAction","target":["https:\/\/www.gino-caron.com\/photoblog\/paysage-rural-automnal-a-padoue\/"]}]},{"@type":"ImageObject","inLanguage":"fr-FR","@id":"https:\/\/www.gino-caron.com\/photoblog\/paysage-rural-automnal-a-padoue\/#primaryimage","url":"https:\/\/www.gino-caron.com\/photoblog\/wp-content\/uploads\/2024\/09\/DJI_0359_DxO-Panorama-copy.jpg","contentUrl":"https:\/\/www.gino-caron.com\/photoblog\/wp-content\/uploads\/2024\/09\/DJI_0359_DxO-Panorama-copy.jpg","width":1500,"height":926},{"@type":"BreadcrumbList","@id":"https:\/\/www.gino-caron.com\/photoblog\/paysage-rural-automnal-a-padoue\/#breadcrumb","itemListElement":[{"@type":"ListItem","position":1,"name":"Accueil","item":"https:\/\/www.gino-caron.com\/photoblog\/"},{"@type":"ListItem","position":2,"name":"Paysage rural automnal \u00e0 Padoue"}]},{"@type":"WebSite","@id":"https:\/\/www.gino-caron.com\/photoblog\/#website","url":"https:\/\/www.gino-caron.com\/photoblog\/","name":"Gino Caron Photographe","description":"Photographe professionnel de la r\u00e9gion de Rimouski - Mont-Joli. Photo a\u00e9rienne, immobili\u00e8re, paysage, mariage, impression photo, photo num\u00e9rique.","publisher":{"@id":"https:\/\/www.gino-caron.com\/photoblog\/#organization"},"potentialAction":[{"@type":"SearchAction","target":{"@type":"EntryPoint","urlTemplate":"https:\/\/www.gino-caron.com\/photoblog\/?s={search_term_string}"},"query-input":{"@type":"PropertyValueSpecification","valueRequired":true,"valueName":"search_term_string"}}],"inLanguage":"fr-FR"},{"@type":"Organization","@id":"https:\/\/www.gino-caron.com\/photoblog\/#organization","name":"Gino Caron Photographe","url":"https:\/\/www.gino-caron.com\/photoblog\/","logo":{"@type":"ImageObject","inLanguage":"fr-FR","@id":"https:\/\/www.gino-caron.com\/photoblog\/#\/schema\/logo\/image\/","url":"https:\/\/www.gino-caron.com\/photoblog\/wp-content\/uploads\/2024\/08\/sign_v3.png","contentUrl":"https:\/\/www.gino-caron.com\/photoblog\/wp-content\/uploads\/2024\/08\/sign_v3.png","width":584,"height":442,"caption":"Gino Caron Photographe"},"image":{"@id":"https:\/\/www.gino-caron.com\/photoblog\/#\/schema\/logo\/image\/"},"sameAs":["https:\/\/www.facebook.com\/Gino.Caron.Photo","https:\/\/x.com\/GinoCaron","https:\/\/www.instagram.com\/ginocaron\/"]},{"@type":"Person","@id":"https:\/\/www.gino-caron.com\/photoblog\/#\/schema\/person\/137be5191e5940072a048b33b4c3b9e9","name":"Gino Caron","image":{"@type":"ImageObject","inLanguage":"fr-FR","@id":"https:\/\/www.gino-caron.com\/photoblog\/#\/schema\/person\/image\/","url":"https:\/\/secure.gravatar.com\/avatar\/d4e0e08b17e64347b8c7208bf8b2a22f37b2d9fa9ef9d4024b2d96c4fd9ef77b?s=96&d=mm&r=g","contentUrl":"https:\/\/secure.gravatar.com\/avatar\/d4e0e08b17e64347b8c7208bf8b2a22f37b2d9fa9ef9d4024b2d96c4fd9ef77b?s=96&d=mm&r=g","caption":"Gino Caron"},"sameAs":["http:\/\/www.gino-caron.com"],"url":"https:\/\/www.gino-caron.com\/photoblog\/author\/electro76\/"}]}},"_links":{"self":[{"href":"https:\/\/www.gino-caron.com\/photoblog\/wp-json\/wp\/v2\/posts\/17292","targetHints":{"allow":["GET"]}}],"collection":[{"href":"https:\/\/www.gino-caron.com\/photoblog\/wp-json\/wp\/v2\/posts"}],"about":[{"href":"https:\/\/www.gino-caron.com\/photoblog\/wp-json\/wp\/v2\/types\/post"}],"author":[{"embeddable":true,"href":"https:\/\/www.gino-caron.com\/photoblog\/wp-json\/wp\/v2\/users\/3"}],"replies":[{"embeddable":true,"href":"https:\/\/www.gino-caron.com\/photoblog\/wp-json\/wp\/v2\/comments?post=17292"}],"version-history":[{"count":1,"href":"https:\/\/www.gino-caron.com\/photoblog\/wp-json\/wp\/v2\/posts\/17292\/revisions"}],"predecessor-version":[{"id":17293,"href":"https:\/\/www.gino-caron.com\/photoblog\/wp-json\/wp\/v2\/posts\/17292\/revisions\/17293"}],"wp:featuredmedia":[{"embeddable":true,"href":"https:\/\/www.gino-caron.com\/photoblog\/wp-json\/wp\/v2\/media\/17290"}],"wp:attachment":[{"href":"https:\/\/www.gino-caron.com\/photoblog\/wp-json\/wp\/v2\/media?parent=17292"}],"wp:term":[{"taxonomy":"category","embeddable":true,"href":"https:\/\/www.gino-caron.com\/photoblog\/wp-json\/wp\/v2\/categories?post=17292"},{"taxonomy":"post_tag","embeddable":true,"href":"https:\/\/www.gino-caron.com\/photoblog\/wp-json\/wp\/v2\/tags?post=17292"}],"curies":[{"name":"wp","href":"https:\/\/api.w.org\/{rel}","templated":true}]}}