{"id":16892,"date":"2024-08-01T09:07:22","date_gmt":"2024-08-01T13:07:22","guid":{"rendered":"https:\/\/www.gino-caron.com\/photoblog\/?p=16892"},"modified":"2024-08-01T09:07:22","modified_gmt":"2024-08-01T13:07:22","slug":"sur-le-bord-du-site-patrimonial-de-la-grave","status":"publish","type":"post","link":"https:\/\/www.gino-caron.com\/photoblog\/sur-le-bord-du-site-patrimonial-de-la-grave\/","title":{"rendered":"Sur le bord du Site patrimonial de La Grave"},"content":{"rendered":"<p>Sous un ciel parsem\u00e9 de nuages cotonneux, le site patrimonial de La Grave aux \u00celes de la Madeleine se d\u00e9ploie dans toute sa splendeur. Des voiliers \u00e9l\u00e9gants se balancent doucement sur l\u2019eau calme du port, leurs m\u00e2ts se dressant fi\u00e8rement vers le bleu \u00e9clatant du ciel. \u00c0 droite, des b\u00e2timents en bois typiques bordent le rivage, leurs teintes grises contrastant harmonieusement avec les rochers ocre et la plage de galets multicolores.<\/p>\n<p>L\u2019ensemble respire la tranquillit\u00e9 et le charme rustique de cette r\u00e9gion maritime, capturant l\u2019essence d\u2019un lieu o\u00f9 le temps semble s\u2019arr\u00eater.<\/p>\n<p>Iles de la Madeleine, Qu\u00e9bec<\/p>\n","protected":false},"excerpt":{"rendered":"<p>Sous un ciel parsem\u00e9 de nuages cotonneux, le site patrimonial de La Grave aux \u00celes de la Madeleine se d\u00e9ploie dans toute sa splendeur. Des voiliers \u00e9l\u00e9gants se balancent doucement sur l\u2019eau calme du port, leurs m\u00e2ts se dressant fi\u00e8rement vers le bleu \u00e9clatant du ciel. \u00c0 droite, des b\u00e2timents en bois typiques bordent le [&hellip;]<\/p>\n","protected":false},"author":3,"featured_media":16891,"comment_status":"closed","ping_status":"open","sticky":false,"template":"","format":"standard","meta":{"footnotes":""},"categories":[735,18,16],"tags":[167,971,629],"class_list":["post-16892","post","type-post","status-publish","format-standard","has-post-thumbnail","hentry","category-ete-4","category-iles-de-la-madeleine","category-paysage","tag-ciel","tag-vacances","tag-voilier"],"yoast_head":"<!-- This site is optimized with the Yoast SEO plugin v26.9 - https:\/\/yoast.com\/product\/yoast-seo-wordpress\/ -->\n<title>Sur le bord du Site patrimonial de La Grave - Gino Caron Photographe<\/title>\n<meta name=\"robots\" content=\"index, follow, max-snippet:-1, max-image-preview:large, max-video-preview:-1\" \/>\n<link rel=\"canonical\" href=\"https:\/\/www.gino-caron.com\/photoblog\/sur-le-bord-du-site-patrimonial-de-la-grave\/\" \/>\n<meta property=\"og:locale\" content=\"fr_FR\" \/>\n<meta property=\"og:type\" content=\"article\" \/>\n<meta property=\"og:title\" content=\"Sur le bord du Site patrimonial de La Grave - Gino Caron Photographe\" \/>\n<meta property=\"og:description\" content=\"Sous un ciel parsem\u00e9 de nuages cotonneux, le site patrimonial de La Grave aux \u00celes de la Madeleine se d\u00e9ploie dans toute sa splendeur. Des voiliers \u00e9l\u00e9gants se balancent doucement sur l\u2019eau calme du port, leurs m\u00e2ts se dressant fi\u00e8rement vers le bleu \u00e9clatant du ciel. \u00c0 droite, des b\u00e2timents en bois typiques bordent le [&hellip;]\" \/>\n<meta property=\"og:url\" content=\"https:\/\/www.gino-caron.com\/photoblog\/sur-le-bord-du-site-patrimonial-de-la-grave\/\" \/>\n<meta property=\"og:site_name\" content=\"Gino Caron Photographe\" \/>\n<meta property=\"article:publisher\" content=\"https:\/\/www.facebook.com\/Gino.Caron.Photo\" \/>\n<meta property=\"article:published_time\" content=\"2024-08-01T13:07:22+00:00\" \/>\n<meta property=\"og:image\" content=\"https:\/\/www.gino-caron.com\/photoblog\/wp-content\/uploads\/2024\/08\/DSC06119_DxO-Panorama-copy.jpg\" \/>\n\t<meta property=\"og:image:width\" content=\"1500\" \/>\n\t<meta property=\"og:image:height\" content=\"783\" \/>\n\t<meta property=\"og:image:type\" content=\"image\/jpeg\" \/>\n<meta name=\"author\" content=\"Gino Caron\" \/>\n<meta name=\"twitter:card\" content=\"summary_large_image\" \/>\n<meta name=\"twitter:creator\" content=\"@GinoCaron\" \/>\n<meta name=\"twitter:site\" content=\"@GinoCaron\" \/>\n<meta name=\"twitter:label1\" content=\"\u00c9crit par\" \/>\n\t<meta name=\"twitter:data1\" content=\"Gino Caron\" \/>\n\t<meta name=\"twitter:label2\" content=\"Dur\u00e9e de lecture estim\u00e9e\" \/>\n\t<meta name=\"twitter:data2\" content=\"1 minute\" \/>\n<script type=\"application\/ld+json\" class=\"yoast-schema-graph\">{\"@context\":\"https:\/\/schema.org\",\"@graph\":[{\"@type\":\"Article\",\"@id\":\"https:\/\/www.gino-caron.com\/photoblog\/sur-le-bord-du-site-patrimonial-de-la-grave\/#article\",\"isPartOf\":{\"@id\":\"https:\/\/www.gino-caron.com\/photoblog\/sur-le-bord-du-site-patrimonial-de-la-grave\/\"},\"author\":{\"name\":\"Gino Caron\",\"@id\":\"https:\/\/www.gino-caron.com\/photoblog\/#\/schema\/person\/137be5191e5940072a048b33b4c3b9e9\"},\"headline\":\"Sur le bord du Site patrimonial de La Grave\",\"datePublished\":\"2024-08-01T13:07:22+00:00\",\"mainEntityOfPage\":{\"@id\":\"https:\/\/www.gino-caron.com\/photoblog\/sur-le-bord-du-site-patrimonial-de-la-grave\/\"},\"wordCount\":118,\"publisher\":{\"@id\":\"https:\/\/www.gino-caron.com\/photoblog\/#organization\"},\"image\":{\"@id\":\"https:\/\/www.gino-caron.com\/photoblog\/sur-le-bord-du-site-patrimonial-de-la-grave\/#primaryimage\"},\"thumbnailUrl\":\"https:\/\/www.gino-caron.com\/photoblog\/wp-content\/uploads\/2024\/08\/DSC06119_DxO-Panorama-copy.jpg\",\"keywords\":[\"ciel\",\"vacances\",\"voilier\"],\"articleSection\":[\"\u00c9t\u00e9\",\"Iles de la Madeleine\",\"Paysage\"],\"inLanguage\":\"fr-FR\"},{\"@type\":\"WebPage\",\"@id\":\"https:\/\/www.gino-caron.com\/photoblog\/sur-le-bord-du-site-patrimonial-de-la-grave\/\",\"url\":\"https:\/\/www.gino-caron.com\/photoblog\/sur-le-bord-du-site-patrimonial-de-la-grave\/\",\"name\":\"Sur le bord du Site patrimonial de La Grave - Gino Caron Photographe\",\"isPartOf\":{\"@id\":\"https:\/\/www.gino-caron.com\/photoblog\/#website\"},\"primaryImageOfPage\":{\"@id\":\"https:\/\/www.gino-caron.com\/photoblog\/sur-le-bord-du-site-patrimonial-de-la-grave\/#primaryimage\"},\"image\":{\"@id\":\"https:\/\/www.gino-caron.com\/photoblog\/sur-le-bord-du-site-patrimonial-de-la-grave\/#primaryimage\"},\"thumbnailUrl\":\"https:\/\/www.gino-caron.com\/photoblog\/wp-content\/uploads\/2024\/08\/DSC06119_DxO-Panorama-copy.jpg\",\"datePublished\":\"2024-08-01T13:07:22+00:00\",\"breadcrumb\":{\"@id\":\"https:\/\/www.gino-caron.com\/photoblog\/sur-le-bord-du-site-patrimonial-de-la-grave\/#breadcrumb\"},\"inLanguage\":\"fr-FR\",\"potentialAction\":[{\"@type\":\"ReadAction\",\"target\":[\"https:\/\/www.gino-caron.com\/photoblog\/sur-le-bord-du-site-patrimonial-de-la-grave\/\"]}]},{\"@type\":\"ImageObject\",\"inLanguage\":\"fr-FR\",\"@id\":\"https:\/\/www.gino-caron.com\/photoblog\/sur-le-bord-du-site-patrimonial-de-la-grave\/#primaryimage\",\"url\":\"https:\/\/www.gino-caron.com\/photoblog\/wp-content\/uploads\/2024\/08\/DSC06119_DxO-Panorama-copy.jpg\",\"contentUrl\":\"https:\/\/www.gino-caron.com\/photoblog\/wp-content\/uploads\/2024\/08\/DSC06119_DxO-Panorama-copy.jpg\",\"width\":1500,\"height\":783},{\"@type\":\"BreadcrumbList\",\"@id\":\"https:\/\/www.gino-caron.com\/photoblog\/sur-le-bord-du-site-patrimonial-de-la-grave\/#breadcrumb\",\"itemListElement\":[{\"@type\":\"ListItem\",\"position\":1,\"name\":\"Accueil\",\"item\":\"https:\/\/www.gino-caron.com\/photoblog\/\"},{\"@type\":\"ListItem\",\"position\":2,\"name\":\"Sur le bord du Site patrimonial de La Grave\"}]},{\"@type\":\"WebSite\",\"@id\":\"https:\/\/www.gino-caron.com\/photoblog\/#website\",\"url\":\"https:\/\/www.gino-caron.com\/photoblog\/\",\"name\":\"Gino Caron Photographe\",\"description\":\"Photographe professionnel de la r\u00e9gion de Rimouski - Mont-Joli. Photo a\u00e9rienne, immobili\u00e8re, paysage, mariage, impression photo, photo num\u00e9rique.\",\"publisher\":{\"@id\":\"https:\/\/www.gino-caron.com\/photoblog\/#organization\"},\"potentialAction\":[{\"@type\":\"SearchAction\",\"target\":{\"@type\":\"EntryPoint\",\"urlTemplate\":\"https:\/\/www.gino-caron.com\/photoblog\/?s={search_term_string}\"},\"query-input\":{\"@type\":\"PropertyValueSpecification\",\"valueRequired\":true,\"valueName\":\"search_term_string\"}}],\"inLanguage\":\"fr-FR\"},{\"@type\":\"Organization\",\"@id\":\"https:\/\/www.gino-caron.com\/photoblog\/#organization\",\"name\":\"Gino Caron Photographe\",\"url\":\"https:\/\/www.gino-caron.com\/photoblog\/\",\"logo\":{\"@type\":\"ImageObject\",\"inLanguage\":\"fr-FR\",\"@id\":\"https:\/\/www.gino-caron.com\/photoblog\/#\/schema\/logo\/image\/\",\"url\":\"https:\/\/www.gino-caron.com\/photoblog\/wp-content\/uploads\/2024\/08\/sign_v3.png\",\"contentUrl\":\"https:\/\/www.gino-caron.com\/photoblog\/wp-content\/uploads\/2024\/08\/sign_v3.png\",\"width\":584,\"height\":442,\"caption\":\"Gino Caron Photographe\"},\"image\":{\"@id\":\"https:\/\/www.gino-caron.com\/photoblog\/#\/schema\/logo\/image\/\"},\"sameAs\":[\"https:\/\/www.facebook.com\/Gino.Caron.Photo\",\"https:\/\/x.com\/GinoCaron\",\"https:\/\/www.instagram.com\/ginocaron\/\"]},{\"@type\":\"Person\",\"@id\":\"https:\/\/www.gino-caron.com\/photoblog\/#\/schema\/person\/137be5191e5940072a048b33b4c3b9e9\",\"name\":\"Gino Caron\",\"image\":{\"@type\":\"ImageObject\",\"inLanguage\":\"fr-FR\",\"@id\":\"https:\/\/www.gino-caron.com\/photoblog\/#\/schema\/person\/image\/\",\"url\":\"https:\/\/secure.gravatar.com\/avatar\/d4e0e08b17e64347b8c7208bf8b2a22f37b2d9fa9ef9d4024b2d96c4fd9ef77b?s=96&d=mm&r=g\",\"contentUrl\":\"https:\/\/secure.gravatar.com\/avatar\/d4e0e08b17e64347b8c7208bf8b2a22f37b2d9fa9ef9d4024b2d96c4fd9ef77b?s=96&d=mm&r=g\",\"caption\":\"Gino Caron\"},\"sameAs\":[\"http:\/\/www.gino-caron.com\"],\"url\":\"https:\/\/www.gino-caron.com\/photoblog\/author\/electro76\/\"}]}<\/script>\n<!-- \/ Yoast SEO plugin. -->","yoast_head_json":{"title":"Sur le bord du Site patrimonial de La Grave - Gino Caron Photographe","robots":{"index":"index","follow":"follow","max-snippet":"max-snippet:-1","max-image-preview":"max-image-preview:large","max-video-preview":"max-video-preview:-1"},"canonical":"https:\/\/www.gino-caron.com\/photoblog\/sur-le-bord-du-site-patrimonial-de-la-grave\/","og_locale":"fr_FR","og_type":"article","og_title":"Sur le bord du Site patrimonial de La Grave - Gino Caron Photographe","og_description":"Sous un ciel parsem\u00e9 de nuages cotonneux, le site patrimonial de La Grave aux \u00celes de la Madeleine se d\u00e9ploie dans toute sa splendeur. Des voiliers \u00e9l\u00e9gants se balancent doucement sur l\u2019eau calme du port, leurs m\u00e2ts se dressant fi\u00e8rement vers le bleu \u00e9clatant du ciel. \u00c0 droite, des b\u00e2timents en bois typiques bordent le [&hellip;]","og_url":"https:\/\/www.gino-caron.com\/photoblog\/sur-le-bord-du-site-patrimonial-de-la-grave\/","og_site_name":"Gino Caron Photographe","article_publisher":"https:\/\/www.facebook.com\/Gino.Caron.Photo","article_published_time":"2024-08-01T13:07:22+00:00","og_image":[{"width":1500,"height":783,"url":"https:\/\/www.gino-caron.com\/photoblog\/wp-content\/uploads\/2024\/08\/DSC06119_DxO-Panorama-copy.jpg","type":"image\/jpeg"}],"author":"Gino Caron","twitter_card":"summary_large_image","twitter_creator":"@GinoCaron","twitter_site":"@GinoCaron","twitter_misc":{"\u00c9crit par":"Gino Caron","Dur\u00e9e de lecture estim\u00e9e":"1 minute"},"schema":{"@context":"https:\/\/schema.org","@graph":[{"@type":"Article","@id":"https:\/\/www.gino-caron.com\/photoblog\/sur-le-bord-du-site-patrimonial-de-la-grave\/#article","isPartOf":{"@id":"https:\/\/www.gino-caron.com\/photoblog\/sur-le-bord-du-site-patrimonial-de-la-grave\/"},"author":{"name":"Gino Caron","@id":"https:\/\/www.gino-caron.com\/photoblog\/#\/schema\/person\/137be5191e5940072a048b33b4c3b9e9"},"headline":"Sur le bord du Site patrimonial de La Grave","datePublished":"2024-08-01T13:07:22+00:00","mainEntityOfPage":{"@id":"https:\/\/www.gino-caron.com\/photoblog\/sur-le-bord-du-site-patrimonial-de-la-grave\/"},"wordCount":118,"publisher":{"@id":"https:\/\/www.gino-caron.com\/photoblog\/#organization"},"image":{"@id":"https:\/\/www.gino-caron.com\/photoblog\/sur-le-bord-du-site-patrimonial-de-la-grave\/#primaryimage"},"thumbnailUrl":"https:\/\/www.gino-caron.com\/photoblog\/wp-content\/uploads\/2024\/08\/DSC06119_DxO-Panorama-copy.jpg","keywords":["ciel","vacances","voilier"],"articleSection":["\u00c9t\u00e9","Iles de la Madeleine","Paysage"],"inLanguage":"fr-FR"},{"@type":"WebPage","@id":"https:\/\/www.gino-caron.com\/photoblog\/sur-le-bord-du-site-patrimonial-de-la-grave\/","url":"https:\/\/www.gino-caron.com\/photoblog\/sur-le-bord-du-site-patrimonial-de-la-grave\/","name":"Sur le bord du Site patrimonial de La Grave - Gino Caron Photographe","isPartOf":{"@id":"https:\/\/www.gino-caron.com\/photoblog\/#website"},"primaryImageOfPage":{"@id":"https:\/\/www.gino-caron.com\/photoblog\/sur-le-bord-du-site-patrimonial-de-la-grave\/#primaryimage"},"image":{"@id":"https:\/\/www.gino-caron.com\/photoblog\/sur-le-bord-du-site-patrimonial-de-la-grave\/#primaryimage"},"thumbnailUrl":"https:\/\/www.gino-caron.com\/photoblog\/wp-content\/uploads\/2024\/08\/DSC06119_DxO-Panorama-copy.jpg","datePublished":"2024-08-01T13:07:22+00:00","breadcrumb":{"@id":"https:\/\/www.gino-caron.com\/photoblog\/sur-le-bord-du-site-patrimonial-de-la-grave\/#breadcrumb"},"inLanguage":"fr-FR","potentialAction":[{"@type":"ReadAction","target":["https:\/\/www.gino-caron.com\/photoblog\/sur-le-bord-du-site-patrimonial-de-la-grave\/"]}]},{"@type":"ImageObject","inLanguage":"fr-FR","@id":"https:\/\/www.gino-caron.com\/photoblog\/sur-le-bord-du-site-patrimonial-de-la-grave\/#primaryimage","url":"https:\/\/www.gino-caron.com\/photoblog\/wp-content\/uploads\/2024\/08\/DSC06119_DxO-Panorama-copy.jpg","contentUrl":"https:\/\/www.gino-caron.com\/photoblog\/wp-content\/uploads\/2024\/08\/DSC06119_DxO-Panorama-copy.jpg","width":1500,"height":783},{"@type":"BreadcrumbList","@id":"https:\/\/www.gino-caron.com\/photoblog\/sur-le-bord-du-site-patrimonial-de-la-grave\/#breadcrumb","itemListElement":[{"@type":"ListItem","position":1,"name":"Accueil","item":"https:\/\/www.gino-caron.com\/photoblog\/"},{"@type":"ListItem","position":2,"name":"Sur le bord du Site patrimonial de La Grave"}]},{"@type":"WebSite","@id":"https:\/\/www.gino-caron.com\/photoblog\/#website","url":"https:\/\/www.gino-caron.com\/photoblog\/","name":"Gino Caron Photographe","description":"Photographe professionnel de la r\u00e9gion de Rimouski - Mont-Joli. Photo a\u00e9rienne, immobili\u00e8re, paysage, mariage, impression photo, photo num\u00e9rique.","publisher":{"@id":"https:\/\/www.gino-caron.com\/photoblog\/#organization"},"potentialAction":[{"@type":"SearchAction","target":{"@type":"EntryPoint","urlTemplate":"https:\/\/www.gino-caron.com\/photoblog\/?s={search_term_string}"},"query-input":{"@type":"PropertyValueSpecification","valueRequired":true,"valueName":"search_term_string"}}],"inLanguage":"fr-FR"},{"@type":"Organization","@id":"https:\/\/www.gino-caron.com\/photoblog\/#organization","name":"Gino Caron Photographe","url":"https:\/\/www.gino-caron.com\/photoblog\/","logo":{"@type":"ImageObject","inLanguage":"fr-FR","@id":"https:\/\/www.gino-caron.com\/photoblog\/#\/schema\/logo\/image\/","url":"https:\/\/www.gino-caron.com\/photoblog\/wp-content\/uploads\/2024\/08\/sign_v3.png","contentUrl":"https:\/\/www.gino-caron.com\/photoblog\/wp-content\/uploads\/2024\/08\/sign_v3.png","width":584,"height":442,"caption":"Gino Caron Photographe"},"image":{"@id":"https:\/\/www.gino-caron.com\/photoblog\/#\/schema\/logo\/image\/"},"sameAs":["https:\/\/www.facebook.com\/Gino.Caron.Photo","https:\/\/x.com\/GinoCaron","https:\/\/www.instagram.com\/ginocaron\/"]},{"@type":"Person","@id":"https:\/\/www.gino-caron.com\/photoblog\/#\/schema\/person\/137be5191e5940072a048b33b4c3b9e9","name":"Gino Caron","image":{"@type":"ImageObject","inLanguage":"fr-FR","@id":"https:\/\/www.gino-caron.com\/photoblog\/#\/schema\/person\/image\/","url":"https:\/\/secure.gravatar.com\/avatar\/d4e0e08b17e64347b8c7208bf8b2a22f37b2d9fa9ef9d4024b2d96c4fd9ef77b?s=96&d=mm&r=g","contentUrl":"https:\/\/secure.gravatar.com\/avatar\/d4e0e08b17e64347b8c7208bf8b2a22f37b2d9fa9ef9d4024b2d96c4fd9ef77b?s=96&d=mm&r=g","caption":"Gino Caron"},"sameAs":["http:\/\/www.gino-caron.com"],"url":"https:\/\/www.gino-caron.com\/photoblog\/author\/electro76\/"}]}},"_links":{"self":[{"href":"https:\/\/www.gino-caron.com\/photoblog\/wp-json\/wp\/v2\/posts\/16892","targetHints":{"allow":["GET"]}}],"collection":[{"href":"https:\/\/www.gino-caron.com\/photoblog\/wp-json\/wp\/v2\/posts"}],"about":[{"href":"https:\/\/www.gino-caron.com\/photoblog\/wp-json\/wp\/v2\/types\/post"}],"author":[{"embeddable":true,"href":"https:\/\/www.gino-caron.com\/photoblog\/wp-json\/wp\/v2\/users\/3"}],"replies":[{"embeddable":true,"href":"https:\/\/www.gino-caron.com\/photoblog\/wp-json\/wp\/v2\/comments?post=16892"}],"version-history":[{"count":1,"href":"https:\/\/www.gino-caron.com\/photoblog\/wp-json\/wp\/v2\/posts\/16892\/revisions"}],"predecessor-version":[{"id":16893,"href":"https:\/\/www.gino-caron.com\/photoblog\/wp-json\/wp\/v2\/posts\/16892\/revisions\/16893"}],"wp:featuredmedia":[{"embeddable":true,"href":"https:\/\/www.gino-caron.com\/photoblog\/wp-json\/wp\/v2\/media\/16891"}],"wp:attachment":[{"href":"https:\/\/www.gino-caron.com\/photoblog\/wp-json\/wp\/v2\/media?parent=16892"}],"wp:term":[{"taxonomy":"category","embeddable":true,"href":"https:\/\/www.gino-caron.com\/photoblog\/wp-json\/wp\/v2\/categories?post=16892"},{"taxonomy":"post_tag","embeddable":true,"href":"https:\/\/www.gino-caron.com\/photoblog\/wp-json\/wp\/v2\/tags?post=16892"}],"curies":[{"name":"wp","href":"https:\/\/api.w.org\/{rel}","templated":true}]}}