{"id":16775,"date":"2024-03-13T19:33:50","date_gmt":"2024-03-13T23:33:50","guid":{"rendered":"https:\/\/www.gino-caron.com\/photoblog\/?p=16775"},"modified":"2024-03-13T19:33:50","modified_gmt":"2024-03-13T23:33:50","slug":"matin-de-fin-dhiver-sous-la-brume","status":"publish","type":"post","link":"https:\/\/www.gino-caron.com\/photoblog\/matin-de-fin-dhiver-sous-la-brume\/","title":{"rendered":"Matin de fin d&rsquo;hiver sous la brume"},"content":{"rendered":"<p>Au cr\u00e9puscule de l&rsquo;hiver, la nature offre un spectacle o\u00f9 le voile de la brume danse avec la lumi\u00e8re naissante. Le village se r\u00e9veille dans une \u00e9treinte givr\u00e9e, les toits saupoudr\u00e9s de blanc, les chemin\u00e9es timides sous le souffle du jour. Le clocher, fier et \u00e9lanc\u00e9, perce l&rsquo;onde cotonneuse pour saluer le soleil, astre timide qui \u00e9tend ses doigts dor\u00e9s sur la campagne assoupie.<\/p>\n<p>C&rsquo;est une mosa\u00efque de tranquillit\u00e9, un moment suspendu o\u00f9 les \u00e2mes s&rsquo;harmonisent avec le silence du matin. Ici, le temps se fait po\u00e8me, et chaque souffle se transforme en une myriade de cristaux scintillants, tissant un lien secret entre la terre endormie et le ciel infini.<\/p>\n<p>St-Donat, Bas-St-Laurent, Qu\u00e9bec<\/p>\n","protected":false},"excerpt":{"rendered":"<p>Au cr\u00e9puscule de l&rsquo;hiver, la nature offre un spectacle o\u00f9 le voile de la brume danse avec la lumi\u00e8re naissante. Le village se r\u00e9veille dans une \u00e9treinte givr\u00e9e, les toits saupoudr\u00e9s de blanc, les chemin\u00e9es timides sous le souffle du jour. Le clocher, fier et \u00e9lanc\u00e9, perce l&rsquo;onde cotonneuse pour saluer le soleil, astre timide [&hellip;]<\/p>\n","protected":false},"author":3,"featured_media":16777,"comment_status":"closed","ping_status":"open","sticky":false,"template":"","format":"standard","meta":{"footnotes":""},"categories":[860,27,16,32],"tags":[122,305,624],"class_list":["post-16775","post","type-post","status-publish","format-standard","has-post-thumbnail","hentry","category-aerienne","category-hiver","category-paysage","category-st-donat","tag-brume","tag-hiver-2","tag-village"],"yoast_head":"<!-- This site is optimized with the Yoast SEO plugin v26.9 - https:\/\/yoast.com\/product\/yoast-seo-wordpress\/ -->\n<title>Matin de fin d&#039;hiver sous la brume - Gino Caron Photographe<\/title>\n<meta name=\"robots\" content=\"index, follow, max-snippet:-1, max-image-preview:large, max-video-preview:-1\" \/>\n<link rel=\"canonical\" href=\"https:\/\/www.gino-caron.com\/photoblog\/matin-de-fin-dhiver-sous-la-brume\/\" \/>\n<meta property=\"og:locale\" content=\"fr_FR\" \/>\n<meta property=\"og:type\" content=\"article\" \/>\n<meta property=\"og:title\" content=\"Matin de fin d&#039;hiver sous la brume - Gino Caron Photographe\" \/>\n<meta property=\"og:description\" content=\"Au cr\u00e9puscule de l&rsquo;hiver, la nature offre un spectacle o\u00f9 le voile de la brume danse avec la lumi\u00e8re naissante. Le village se r\u00e9veille dans une \u00e9treinte givr\u00e9e, les toits saupoudr\u00e9s de blanc, les chemin\u00e9es timides sous le souffle du jour. Le clocher, fier et \u00e9lanc\u00e9, perce l&rsquo;onde cotonneuse pour saluer le soleil, astre timide [&hellip;]\" \/>\n<meta property=\"og:url\" content=\"https:\/\/www.gino-caron.com\/photoblog\/matin-de-fin-dhiver-sous-la-brume\/\" \/>\n<meta property=\"og:site_name\" content=\"Gino Caron Photographe\" \/>\n<meta property=\"article:publisher\" content=\"https:\/\/www.facebook.com\/Gino.Caron.Photo\" \/>\n<meta property=\"article:published_time\" content=\"2024-03-13T23:33:50+00:00\" \/>\n<meta property=\"og:image\" content=\"https:\/\/www.gino-caron.com\/photoblog\/wp-content\/uploads\/2024\/03\/PANO0938_DxO-Panorama-copy.jpg\" \/>\n\t<meta property=\"og:image:width\" content=\"1500\" \/>\n\t<meta property=\"og:image:height\" content=\"628\" \/>\n\t<meta property=\"og:image:type\" content=\"image\/jpeg\" \/>\n<meta name=\"author\" content=\"Gino Caron\" \/>\n<meta name=\"twitter:card\" content=\"summary_large_image\" \/>\n<meta name=\"twitter:creator\" content=\"@GinoCaron\" \/>\n<meta name=\"twitter:site\" content=\"@GinoCaron\" \/>\n<meta name=\"twitter:label1\" content=\"\u00c9crit par\" \/>\n\t<meta name=\"twitter:data1\" content=\"Gino Caron\" \/>\n\t<meta name=\"twitter:label2\" content=\"Dur\u00e9e de lecture estim\u00e9e\" \/>\n\t<meta name=\"twitter:data2\" content=\"1 minute\" \/>\n<script type=\"application\/ld+json\" class=\"yoast-schema-graph\">{\"@context\":\"https:\/\/schema.org\",\"@graph\":[{\"@type\":\"Article\",\"@id\":\"https:\/\/www.gino-caron.com\/photoblog\/matin-de-fin-dhiver-sous-la-brume\/#article\",\"isPartOf\":{\"@id\":\"https:\/\/www.gino-caron.com\/photoblog\/matin-de-fin-dhiver-sous-la-brume\/\"},\"author\":{\"name\":\"Gino Caron\",\"@id\":\"https:\/\/www.gino-caron.com\/photoblog\/#\/schema\/person\/137be5191e5940072a048b33b4c3b9e9\"},\"headline\":\"Matin de fin d&rsquo;hiver sous la brume\",\"datePublished\":\"2024-03-13T23:33:50+00:00\",\"mainEntityOfPage\":{\"@id\":\"https:\/\/www.gino-caron.com\/photoblog\/matin-de-fin-dhiver-sous-la-brume\/\"},\"wordCount\":130,\"publisher\":{\"@id\":\"https:\/\/www.gino-caron.com\/photoblog\/#organization\"},\"image\":{\"@id\":\"https:\/\/www.gino-caron.com\/photoblog\/matin-de-fin-dhiver-sous-la-brume\/#primaryimage\"},\"thumbnailUrl\":\"https:\/\/www.gino-caron.com\/photoblog\/wp-content\/uploads\/2024\/03\/PANO0938_DxO-Panorama-copy.jpg\",\"keywords\":[\"brume\",\"hiver\",\"village\"],\"articleSection\":[\"A\u00e9rienne\",\"Hiver\",\"Paysage\",\"St-Donat\"],\"inLanguage\":\"fr-FR\"},{\"@type\":\"WebPage\",\"@id\":\"https:\/\/www.gino-caron.com\/photoblog\/matin-de-fin-dhiver-sous-la-brume\/\",\"url\":\"https:\/\/www.gino-caron.com\/photoblog\/matin-de-fin-dhiver-sous-la-brume\/\",\"name\":\"Matin de fin d'hiver sous la brume - Gino Caron Photographe\",\"isPartOf\":{\"@id\":\"https:\/\/www.gino-caron.com\/photoblog\/#website\"},\"primaryImageOfPage\":{\"@id\":\"https:\/\/www.gino-caron.com\/photoblog\/matin-de-fin-dhiver-sous-la-brume\/#primaryimage\"},\"image\":{\"@id\":\"https:\/\/www.gino-caron.com\/photoblog\/matin-de-fin-dhiver-sous-la-brume\/#primaryimage\"},\"thumbnailUrl\":\"https:\/\/www.gino-caron.com\/photoblog\/wp-content\/uploads\/2024\/03\/PANO0938_DxO-Panorama-copy.jpg\",\"datePublished\":\"2024-03-13T23:33:50+00:00\",\"breadcrumb\":{\"@id\":\"https:\/\/www.gino-caron.com\/photoblog\/matin-de-fin-dhiver-sous-la-brume\/#breadcrumb\"},\"inLanguage\":\"fr-FR\",\"potentialAction\":[{\"@type\":\"ReadAction\",\"target\":[\"https:\/\/www.gino-caron.com\/photoblog\/matin-de-fin-dhiver-sous-la-brume\/\"]}]},{\"@type\":\"ImageObject\",\"inLanguage\":\"fr-FR\",\"@id\":\"https:\/\/www.gino-caron.com\/photoblog\/matin-de-fin-dhiver-sous-la-brume\/#primaryimage\",\"url\":\"https:\/\/www.gino-caron.com\/photoblog\/wp-content\/uploads\/2024\/03\/PANO0938_DxO-Panorama-copy.jpg\",\"contentUrl\":\"https:\/\/www.gino-caron.com\/photoblog\/wp-content\/uploads\/2024\/03\/PANO0938_DxO-Panorama-copy.jpg\",\"width\":1500,\"height\":628},{\"@type\":\"BreadcrumbList\",\"@id\":\"https:\/\/www.gino-caron.com\/photoblog\/matin-de-fin-dhiver-sous-la-brume\/#breadcrumb\",\"itemListElement\":[{\"@type\":\"ListItem\",\"position\":1,\"name\":\"Accueil\",\"item\":\"https:\/\/www.gino-caron.com\/photoblog\/\"},{\"@type\":\"ListItem\",\"position\":2,\"name\":\"Matin de fin d&rsquo;hiver sous la brume\"}]},{\"@type\":\"WebSite\",\"@id\":\"https:\/\/www.gino-caron.com\/photoblog\/#website\",\"url\":\"https:\/\/www.gino-caron.com\/photoblog\/\",\"name\":\"Gino Caron Photographe\",\"description\":\"Photographe professionnel de la r\u00e9gion de Rimouski - Mont-Joli. Photo a\u00e9rienne, immobili\u00e8re, paysage, mariage, impression photo, photo num\u00e9rique.\",\"publisher\":{\"@id\":\"https:\/\/www.gino-caron.com\/photoblog\/#organization\"},\"potentialAction\":[{\"@type\":\"SearchAction\",\"target\":{\"@type\":\"EntryPoint\",\"urlTemplate\":\"https:\/\/www.gino-caron.com\/photoblog\/?s={search_term_string}\"},\"query-input\":{\"@type\":\"PropertyValueSpecification\",\"valueRequired\":true,\"valueName\":\"search_term_string\"}}],\"inLanguage\":\"fr-FR\"},{\"@type\":\"Organization\",\"@id\":\"https:\/\/www.gino-caron.com\/photoblog\/#organization\",\"name\":\"Gino Caron Photographe\",\"url\":\"https:\/\/www.gino-caron.com\/photoblog\/\",\"logo\":{\"@type\":\"ImageObject\",\"inLanguage\":\"fr-FR\",\"@id\":\"https:\/\/www.gino-caron.com\/photoblog\/#\/schema\/logo\/image\/\",\"url\":\"https:\/\/www.gino-caron.com\/photoblog\/wp-content\/uploads\/2024\/08\/sign_v3.png\",\"contentUrl\":\"https:\/\/www.gino-caron.com\/photoblog\/wp-content\/uploads\/2024\/08\/sign_v3.png\",\"width\":584,\"height\":442,\"caption\":\"Gino Caron Photographe\"},\"image\":{\"@id\":\"https:\/\/www.gino-caron.com\/photoblog\/#\/schema\/logo\/image\/\"},\"sameAs\":[\"https:\/\/www.facebook.com\/Gino.Caron.Photo\",\"https:\/\/x.com\/GinoCaron\",\"https:\/\/www.instagram.com\/ginocaron\/\"]},{\"@type\":\"Person\",\"@id\":\"https:\/\/www.gino-caron.com\/photoblog\/#\/schema\/person\/137be5191e5940072a048b33b4c3b9e9\",\"name\":\"Gino Caron\",\"image\":{\"@type\":\"ImageObject\",\"inLanguage\":\"fr-FR\",\"@id\":\"https:\/\/www.gino-caron.com\/photoblog\/#\/schema\/person\/image\/\",\"url\":\"https:\/\/secure.gravatar.com\/avatar\/d4e0e08b17e64347b8c7208bf8b2a22f37b2d9fa9ef9d4024b2d96c4fd9ef77b?s=96&d=mm&r=g\",\"contentUrl\":\"https:\/\/secure.gravatar.com\/avatar\/d4e0e08b17e64347b8c7208bf8b2a22f37b2d9fa9ef9d4024b2d96c4fd9ef77b?s=96&d=mm&r=g\",\"caption\":\"Gino Caron\"},\"sameAs\":[\"http:\/\/www.gino-caron.com\"],\"url\":\"https:\/\/www.gino-caron.com\/photoblog\/author\/electro76\/\"}]}<\/script>\n<!-- \/ Yoast SEO plugin. -->","yoast_head_json":{"title":"Matin de fin d'hiver sous la brume - Gino Caron Photographe","robots":{"index":"index","follow":"follow","max-snippet":"max-snippet:-1","max-image-preview":"max-image-preview:large","max-video-preview":"max-video-preview:-1"},"canonical":"https:\/\/www.gino-caron.com\/photoblog\/matin-de-fin-dhiver-sous-la-brume\/","og_locale":"fr_FR","og_type":"article","og_title":"Matin de fin d'hiver sous la brume - Gino Caron Photographe","og_description":"Au cr\u00e9puscule de l&rsquo;hiver, la nature offre un spectacle o\u00f9 le voile de la brume danse avec la lumi\u00e8re naissante. Le village se r\u00e9veille dans une \u00e9treinte givr\u00e9e, les toits saupoudr\u00e9s de blanc, les chemin\u00e9es timides sous le souffle du jour. Le clocher, fier et \u00e9lanc\u00e9, perce l&rsquo;onde cotonneuse pour saluer le soleil, astre timide [&hellip;]","og_url":"https:\/\/www.gino-caron.com\/photoblog\/matin-de-fin-dhiver-sous-la-brume\/","og_site_name":"Gino Caron Photographe","article_publisher":"https:\/\/www.facebook.com\/Gino.Caron.Photo","article_published_time":"2024-03-13T23:33:50+00:00","og_image":[{"width":1500,"height":628,"url":"https:\/\/www.gino-caron.com\/photoblog\/wp-content\/uploads\/2024\/03\/PANO0938_DxO-Panorama-copy.jpg","type":"image\/jpeg"}],"author":"Gino Caron","twitter_card":"summary_large_image","twitter_creator":"@GinoCaron","twitter_site":"@GinoCaron","twitter_misc":{"\u00c9crit par":"Gino Caron","Dur\u00e9e de lecture estim\u00e9e":"1 minute"},"schema":{"@context":"https:\/\/schema.org","@graph":[{"@type":"Article","@id":"https:\/\/www.gino-caron.com\/photoblog\/matin-de-fin-dhiver-sous-la-brume\/#article","isPartOf":{"@id":"https:\/\/www.gino-caron.com\/photoblog\/matin-de-fin-dhiver-sous-la-brume\/"},"author":{"name":"Gino Caron","@id":"https:\/\/www.gino-caron.com\/photoblog\/#\/schema\/person\/137be5191e5940072a048b33b4c3b9e9"},"headline":"Matin de fin d&rsquo;hiver sous la brume","datePublished":"2024-03-13T23:33:50+00:00","mainEntityOfPage":{"@id":"https:\/\/www.gino-caron.com\/photoblog\/matin-de-fin-dhiver-sous-la-brume\/"},"wordCount":130,"publisher":{"@id":"https:\/\/www.gino-caron.com\/photoblog\/#organization"},"image":{"@id":"https:\/\/www.gino-caron.com\/photoblog\/matin-de-fin-dhiver-sous-la-brume\/#primaryimage"},"thumbnailUrl":"https:\/\/www.gino-caron.com\/photoblog\/wp-content\/uploads\/2024\/03\/PANO0938_DxO-Panorama-copy.jpg","keywords":["brume","hiver","village"],"articleSection":["A\u00e9rienne","Hiver","Paysage","St-Donat"],"inLanguage":"fr-FR"},{"@type":"WebPage","@id":"https:\/\/www.gino-caron.com\/photoblog\/matin-de-fin-dhiver-sous-la-brume\/","url":"https:\/\/www.gino-caron.com\/photoblog\/matin-de-fin-dhiver-sous-la-brume\/","name":"Matin de fin d'hiver sous la brume - Gino Caron Photographe","isPartOf":{"@id":"https:\/\/www.gino-caron.com\/photoblog\/#website"},"primaryImageOfPage":{"@id":"https:\/\/www.gino-caron.com\/photoblog\/matin-de-fin-dhiver-sous-la-brume\/#primaryimage"},"image":{"@id":"https:\/\/www.gino-caron.com\/photoblog\/matin-de-fin-dhiver-sous-la-brume\/#primaryimage"},"thumbnailUrl":"https:\/\/www.gino-caron.com\/photoblog\/wp-content\/uploads\/2024\/03\/PANO0938_DxO-Panorama-copy.jpg","datePublished":"2024-03-13T23:33:50+00:00","breadcrumb":{"@id":"https:\/\/www.gino-caron.com\/photoblog\/matin-de-fin-dhiver-sous-la-brume\/#breadcrumb"},"inLanguage":"fr-FR","potentialAction":[{"@type":"ReadAction","target":["https:\/\/www.gino-caron.com\/photoblog\/matin-de-fin-dhiver-sous-la-brume\/"]}]},{"@type":"ImageObject","inLanguage":"fr-FR","@id":"https:\/\/www.gino-caron.com\/photoblog\/matin-de-fin-dhiver-sous-la-brume\/#primaryimage","url":"https:\/\/www.gino-caron.com\/photoblog\/wp-content\/uploads\/2024\/03\/PANO0938_DxO-Panorama-copy.jpg","contentUrl":"https:\/\/www.gino-caron.com\/photoblog\/wp-content\/uploads\/2024\/03\/PANO0938_DxO-Panorama-copy.jpg","width":1500,"height":628},{"@type":"BreadcrumbList","@id":"https:\/\/www.gino-caron.com\/photoblog\/matin-de-fin-dhiver-sous-la-brume\/#breadcrumb","itemListElement":[{"@type":"ListItem","position":1,"name":"Accueil","item":"https:\/\/www.gino-caron.com\/photoblog\/"},{"@type":"ListItem","position":2,"name":"Matin de fin d&rsquo;hiver sous la brume"}]},{"@type":"WebSite","@id":"https:\/\/www.gino-caron.com\/photoblog\/#website","url":"https:\/\/www.gino-caron.com\/photoblog\/","name":"Gino Caron Photographe","description":"Photographe professionnel de la r\u00e9gion de Rimouski - Mont-Joli. Photo a\u00e9rienne, immobili\u00e8re, paysage, mariage, impression photo, photo num\u00e9rique.","publisher":{"@id":"https:\/\/www.gino-caron.com\/photoblog\/#organization"},"potentialAction":[{"@type":"SearchAction","target":{"@type":"EntryPoint","urlTemplate":"https:\/\/www.gino-caron.com\/photoblog\/?s={search_term_string}"},"query-input":{"@type":"PropertyValueSpecification","valueRequired":true,"valueName":"search_term_string"}}],"inLanguage":"fr-FR"},{"@type":"Organization","@id":"https:\/\/www.gino-caron.com\/photoblog\/#organization","name":"Gino Caron Photographe","url":"https:\/\/www.gino-caron.com\/photoblog\/","logo":{"@type":"ImageObject","inLanguage":"fr-FR","@id":"https:\/\/www.gino-caron.com\/photoblog\/#\/schema\/logo\/image\/","url":"https:\/\/www.gino-caron.com\/photoblog\/wp-content\/uploads\/2024\/08\/sign_v3.png","contentUrl":"https:\/\/www.gino-caron.com\/photoblog\/wp-content\/uploads\/2024\/08\/sign_v3.png","width":584,"height":442,"caption":"Gino Caron Photographe"},"image":{"@id":"https:\/\/www.gino-caron.com\/photoblog\/#\/schema\/logo\/image\/"},"sameAs":["https:\/\/www.facebook.com\/Gino.Caron.Photo","https:\/\/x.com\/GinoCaron","https:\/\/www.instagram.com\/ginocaron\/"]},{"@type":"Person","@id":"https:\/\/www.gino-caron.com\/photoblog\/#\/schema\/person\/137be5191e5940072a048b33b4c3b9e9","name":"Gino Caron","image":{"@type":"ImageObject","inLanguage":"fr-FR","@id":"https:\/\/www.gino-caron.com\/photoblog\/#\/schema\/person\/image\/","url":"https:\/\/secure.gravatar.com\/avatar\/d4e0e08b17e64347b8c7208bf8b2a22f37b2d9fa9ef9d4024b2d96c4fd9ef77b?s=96&d=mm&r=g","contentUrl":"https:\/\/secure.gravatar.com\/avatar\/d4e0e08b17e64347b8c7208bf8b2a22f37b2d9fa9ef9d4024b2d96c4fd9ef77b?s=96&d=mm&r=g","caption":"Gino Caron"},"sameAs":["http:\/\/www.gino-caron.com"],"url":"https:\/\/www.gino-caron.com\/photoblog\/author\/electro76\/"}]}},"_links":{"self":[{"href":"https:\/\/www.gino-caron.com\/photoblog\/wp-json\/wp\/v2\/posts\/16775","targetHints":{"allow":["GET"]}}],"collection":[{"href":"https:\/\/www.gino-caron.com\/photoblog\/wp-json\/wp\/v2\/posts"}],"about":[{"href":"https:\/\/www.gino-caron.com\/photoblog\/wp-json\/wp\/v2\/types\/post"}],"author":[{"embeddable":true,"href":"https:\/\/www.gino-caron.com\/photoblog\/wp-json\/wp\/v2\/users\/3"}],"replies":[{"embeddable":true,"href":"https:\/\/www.gino-caron.com\/photoblog\/wp-json\/wp\/v2\/comments?post=16775"}],"version-history":[{"count":2,"href":"https:\/\/www.gino-caron.com\/photoblog\/wp-json\/wp\/v2\/posts\/16775\/revisions"}],"predecessor-version":[{"id":16778,"href":"https:\/\/www.gino-caron.com\/photoblog\/wp-json\/wp\/v2\/posts\/16775\/revisions\/16778"}],"wp:featuredmedia":[{"embeddable":true,"href":"https:\/\/www.gino-caron.com\/photoblog\/wp-json\/wp\/v2\/media\/16777"}],"wp:attachment":[{"href":"https:\/\/www.gino-caron.com\/photoblog\/wp-json\/wp\/v2\/media?parent=16775"}],"wp:term":[{"taxonomy":"category","embeddable":true,"href":"https:\/\/www.gino-caron.com\/photoblog\/wp-json\/wp\/v2\/categories?post=16775"},{"taxonomy":"post_tag","embeddable":true,"href":"https:\/\/www.gino-caron.com\/photoblog\/wp-json\/wp\/v2\/tags?post=16775"}],"curies":[{"name":"wp","href":"https:\/\/api.w.org\/{rel}","templated":true}]}}