{"id":16758,"date":"2024-02-17T15:56:29","date_gmt":"2024-02-17T19:56:29","guid":{"rendered":"https:\/\/www.gino-caron.com\/photoblog\/?p=16758"},"modified":"2024-02-17T15:56:29","modified_gmt":"2024-02-17T19:56:29","slug":"embouchure-de-la-riviere-du-bic-en-hiver","status":"publish","type":"post","link":"https:\/\/www.gino-caron.com\/photoblog\/embouchure-de-la-riviere-du-bic-en-hiver\/","title":{"rendered":"Embouchure de la rivi\u00e8re du Bic en hiver"},"content":{"rendered":"<p>Sur l&rsquo;\u00e9tendue glac\u00e9e, l\u00e0 o\u00f9 la rivi\u00e8re du Bic embrasse le froid hivernal, des cabanes de p\u00eacheurs s&rsquo;\u00e9veillent sous un ciel infini. Le bleu profond de l&rsquo;azur, stri\u00e9 de voiles nuageux, se marie au blanc \u00e9clatant de la glace, cr\u00e9ant une symphonie de couleurs pures. C&rsquo;est un monde en pause, o\u00f9 le temps semble suspendu, chaque cabane un refuge solitaire contre la morsure de l&rsquo;hiver.<\/p>\n<p>Les montagnes du Bic lointaines se dressent en sentinelles silencieuses, veillant sur ce tableau tranquille. Ici, la nature commande le respect et inspire la qui\u00e9tude. Le souffle du vent, complice de cette immensit\u00e9, porte en lui l&rsquo;\u00e9cho d&rsquo;histoires murmur\u00e9es par la glace et la pierre.<\/p>\n<p>Cette image capte l&rsquo;essence m\u00eame de l&rsquo;hiver qu\u00e9b\u00e9cois, une saison de contrastes et de beaut\u00e9 aust\u00e8re, o\u00f9 la vie s&rsquo;adapte et s&rsquo;\u00e9panouit malgr\u00e9 le froid saisissant. C&rsquo;est un hymne visuel \u00e0 la r\u00e9silience et \u00e0 la s\u00e9r\u00e9nit\u00e9 que la nature offre g\u00e9n\u00e9reusement \u00e0 ceux qui savent regarder.<\/p>\n<p>Bic, Rimouski, Bas-St-Laurent, Qu\u00e9bec<\/p>\n","protected":false},"excerpt":{"rendered":"<p>Sur l&rsquo;\u00e9tendue glac\u00e9e, l\u00e0 o\u00f9 la rivi\u00e8re du Bic embrasse le froid hivernal, des cabanes de p\u00eacheurs s&rsquo;\u00e9veillent sous un ciel infini. Le bleu profond de l&rsquo;azur, stri\u00e9 de voiles nuageux, se marie au blanc \u00e9clatant de la glace, cr\u00e9ant une symphonie de couleurs pures. C&rsquo;est un monde en pause, o\u00f9 le temps semble suspendu, [&hellip;]<\/p>\n","protected":false},"author":3,"featured_media":16759,"comment_status":"closed","ping_status":"open","sticky":false,"template":"","format":"standard","meta":{"footnotes":""},"categories":[16],"tags":[],"class_list":["post-16758","post","type-post","status-publish","format-standard","has-post-thumbnail","hentry","category-paysage"],"yoast_head":"<!-- This site is optimized with the Yoast SEO plugin v26.9 - https:\/\/yoast.com\/product\/yoast-seo-wordpress\/ -->\n<title>Embouchure de la rivi\u00e8re du Bic en hiver - Gino Caron Photographe<\/title>\n<meta name=\"robots\" content=\"index, follow, max-snippet:-1, max-image-preview:large, max-video-preview:-1\" \/>\n<link rel=\"canonical\" href=\"https:\/\/www.gino-caron.com\/photoblog\/embouchure-de-la-riviere-du-bic-en-hiver\/\" \/>\n<meta property=\"og:locale\" content=\"fr_FR\" \/>\n<meta property=\"og:type\" content=\"article\" \/>\n<meta property=\"og:title\" content=\"Embouchure de la rivi\u00e8re du Bic en hiver - Gino Caron Photographe\" \/>\n<meta property=\"og:description\" content=\"Sur l&rsquo;\u00e9tendue glac\u00e9e, l\u00e0 o\u00f9 la rivi\u00e8re du Bic embrasse le froid hivernal, des cabanes de p\u00eacheurs s&rsquo;\u00e9veillent sous un ciel infini. Le bleu profond de l&rsquo;azur, stri\u00e9 de voiles nuageux, se marie au blanc \u00e9clatant de la glace, cr\u00e9ant une symphonie de couleurs pures. C&rsquo;est un monde en pause, o\u00f9 le temps semble suspendu, [&hellip;]\" \/>\n<meta property=\"og:url\" content=\"https:\/\/www.gino-caron.com\/photoblog\/embouchure-de-la-riviere-du-bic-en-hiver\/\" \/>\n<meta property=\"og:site_name\" content=\"Gino Caron Photographe\" \/>\n<meta property=\"article:publisher\" content=\"https:\/\/www.facebook.com\/Gino.Caron.Photo\" \/>\n<meta property=\"article:published_time\" content=\"2024-02-17T19:56:29+00:00\" \/>\n<meta property=\"og:image\" content=\"https:\/\/www.gino-caron.com\/photoblog\/wp-content\/uploads\/2024\/02\/DSC03917_DxO-Panorama-1.jpg\" \/>\n\t<meta property=\"og:image:width\" content=\"2000\" \/>\n\t<meta property=\"og:image:height\" content=\"699\" \/>\n\t<meta property=\"og:image:type\" content=\"image\/jpeg\" \/>\n<meta name=\"author\" content=\"Gino Caron\" \/>\n<meta name=\"twitter:card\" content=\"summary_large_image\" \/>\n<meta name=\"twitter:creator\" content=\"@GinoCaron\" \/>\n<meta name=\"twitter:site\" content=\"@GinoCaron\" \/>\n<meta name=\"twitter:label1\" content=\"\u00c9crit par\" \/>\n\t<meta name=\"twitter:data1\" content=\"Gino Caron\" \/>\n\t<meta name=\"twitter:label2\" content=\"Dur\u00e9e de lecture estim\u00e9e\" \/>\n\t<meta name=\"twitter:data2\" content=\"1 minute\" \/>\n<script type=\"application\/ld+json\" class=\"yoast-schema-graph\">{\"@context\":\"https:\/\/schema.org\",\"@graph\":[{\"@type\":\"Article\",\"@id\":\"https:\/\/www.gino-caron.com\/photoblog\/embouchure-de-la-riviere-du-bic-en-hiver\/#article\",\"isPartOf\":{\"@id\":\"https:\/\/www.gino-caron.com\/photoblog\/embouchure-de-la-riviere-du-bic-en-hiver\/\"},\"author\":{\"name\":\"Gino Caron\",\"@id\":\"https:\/\/www.gino-caron.com\/photoblog\/#\/schema\/person\/137be5191e5940072a048b33b4c3b9e9\"},\"headline\":\"Embouchure de la rivi\u00e8re du Bic en hiver\",\"datePublished\":\"2024-02-17T19:56:29+00:00\",\"mainEntityOfPage\":{\"@id\":\"https:\/\/www.gino-caron.com\/photoblog\/embouchure-de-la-riviere-du-bic-en-hiver\/\"},\"wordCount\":187,\"publisher\":{\"@id\":\"https:\/\/www.gino-caron.com\/photoblog\/#organization\"},\"image\":{\"@id\":\"https:\/\/www.gino-caron.com\/photoblog\/embouchure-de-la-riviere-du-bic-en-hiver\/#primaryimage\"},\"thumbnailUrl\":\"https:\/\/www.gino-caron.com\/photoblog\/wp-content\/uploads\/2024\/02\/DSC03917_DxO-Panorama-1.jpg\",\"articleSection\":[\"Paysage\"],\"inLanguage\":\"fr-FR\"},{\"@type\":\"WebPage\",\"@id\":\"https:\/\/www.gino-caron.com\/photoblog\/embouchure-de-la-riviere-du-bic-en-hiver\/\",\"url\":\"https:\/\/www.gino-caron.com\/photoblog\/embouchure-de-la-riviere-du-bic-en-hiver\/\",\"name\":\"Embouchure de la rivi\u00e8re du Bic en hiver - Gino Caron Photographe\",\"isPartOf\":{\"@id\":\"https:\/\/www.gino-caron.com\/photoblog\/#website\"},\"primaryImageOfPage\":{\"@id\":\"https:\/\/www.gino-caron.com\/photoblog\/embouchure-de-la-riviere-du-bic-en-hiver\/#primaryimage\"},\"image\":{\"@id\":\"https:\/\/www.gino-caron.com\/photoblog\/embouchure-de-la-riviere-du-bic-en-hiver\/#primaryimage\"},\"thumbnailUrl\":\"https:\/\/www.gino-caron.com\/photoblog\/wp-content\/uploads\/2024\/02\/DSC03917_DxO-Panorama-1.jpg\",\"datePublished\":\"2024-02-17T19:56:29+00:00\",\"breadcrumb\":{\"@id\":\"https:\/\/www.gino-caron.com\/photoblog\/embouchure-de-la-riviere-du-bic-en-hiver\/#breadcrumb\"},\"inLanguage\":\"fr-FR\",\"potentialAction\":[{\"@type\":\"ReadAction\",\"target\":[\"https:\/\/www.gino-caron.com\/photoblog\/embouchure-de-la-riviere-du-bic-en-hiver\/\"]}]},{\"@type\":\"ImageObject\",\"inLanguage\":\"fr-FR\",\"@id\":\"https:\/\/www.gino-caron.com\/photoblog\/embouchure-de-la-riviere-du-bic-en-hiver\/#primaryimage\",\"url\":\"https:\/\/www.gino-caron.com\/photoblog\/wp-content\/uploads\/2024\/02\/DSC03917_DxO-Panorama-1.jpg\",\"contentUrl\":\"https:\/\/www.gino-caron.com\/photoblog\/wp-content\/uploads\/2024\/02\/DSC03917_DxO-Panorama-1.jpg\",\"width\":2000,\"height\":699},{\"@type\":\"BreadcrumbList\",\"@id\":\"https:\/\/www.gino-caron.com\/photoblog\/embouchure-de-la-riviere-du-bic-en-hiver\/#breadcrumb\",\"itemListElement\":[{\"@type\":\"ListItem\",\"position\":1,\"name\":\"Accueil\",\"item\":\"https:\/\/www.gino-caron.com\/photoblog\/\"},{\"@type\":\"ListItem\",\"position\":2,\"name\":\"Embouchure de la rivi\u00e8re du Bic en hiver\"}]},{\"@type\":\"WebSite\",\"@id\":\"https:\/\/www.gino-caron.com\/photoblog\/#website\",\"url\":\"https:\/\/www.gino-caron.com\/photoblog\/\",\"name\":\"Gino Caron Photographe\",\"description\":\"Photographe professionnel de la r\u00e9gion de Rimouski - Mont-Joli. Photo a\u00e9rienne, immobili\u00e8re, paysage, mariage, impression photo, photo num\u00e9rique.\",\"publisher\":{\"@id\":\"https:\/\/www.gino-caron.com\/photoblog\/#organization\"},\"potentialAction\":[{\"@type\":\"SearchAction\",\"target\":{\"@type\":\"EntryPoint\",\"urlTemplate\":\"https:\/\/www.gino-caron.com\/photoblog\/?s={search_term_string}\"},\"query-input\":{\"@type\":\"PropertyValueSpecification\",\"valueRequired\":true,\"valueName\":\"search_term_string\"}}],\"inLanguage\":\"fr-FR\"},{\"@type\":\"Organization\",\"@id\":\"https:\/\/www.gino-caron.com\/photoblog\/#organization\",\"name\":\"Gino Caron Photographe\",\"url\":\"https:\/\/www.gino-caron.com\/photoblog\/\",\"logo\":{\"@type\":\"ImageObject\",\"inLanguage\":\"fr-FR\",\"@id\":\"https:\/\/www.gino-caron.com\/photoblog\/#\/schema\/logo\/image\/\",\"url\":\"https:\/\/www.gino-caron.com\/photoblog\/wp-content\/uploads\/2024\/08\/sign_v3.png\",\"contentUrl\":\"https:\/\/www.gino-caron.com\/photoblog\/wp-content\/uploads\/2024\/08\/sign_v3.png\",\"width\":584,\"height\":442,\"caption\":\"Gino Caron Photographe\"},\"image\":{\"@id\":\"https:\/\/www.gino-caron.com\/photoblog\/#\/schema\/logo\/image\/\"},\"sameAs\":[\"https:\/\/www.facebook.com\/Gino.Caron.Photo\",\"https:\/\/x.com\/GinoCaron\",\"https:\/\/www.instagram.com\/ginocaron\/\"]},{\"@type\":\"Person\",\"@id\":\"https:\/\/www.gino-caron.com\/photoblog\/#\/schema\/person\/137be5191e5940072a048b33b4c3b9e9\",\"name\":\"Gino Caron\",\"image\":{\"@type\":\"ImageObject\",\"inLanguage\":\"fr-FR\",\"@id\":\"https:\/\/www.gino-caron.com\/photoblog\/#\/schema\/person\/image\/\",\"url\":\"https:\/\/secure.gravatar.com\/avatar\/d4e0e08b17e64347b8c7208bf8b2a22f37b2d9fa9ef9d4024b2d96c4fd9ef77b?s=96&d=mm&r=g\",\"contentUrl\":\"https:\/\/secure.gravatar.com\/avatar\/d4e0e08b17e64347b8c7208bf8b2a22f37b2d9fa9ef9d4024b2d96c4fd9ef77b?s=96&d=mm&r=g\",\"caption\":\"Gino Caron\"},\"sameAs\":[\"http:\/\/www.gino-caron.com\"],\"url\":\"https:\/\/www.gino-caron.com\/photoblog\/author\/electro76\/\"}]}<\/script>\n<!-- \/ Yoast SEO plugin. -->","yoast_head_json":{"title":"Embouchure de la rivi\u00e8re du Bic en hiver - Gino Caron Photographe","robots":{"index":"index","follow":"follow","max-snippet":"max-snippet:-1","max-image-preview":"max-image-preview:large","max-video-preview":"max-video-preview:-1"},"canonical":"https:\/\/www.gino-caron.com\/photoblog\/embouchure-de-la-riviere-du-bic-en-hiver\/","og_locale":"fr_FR","og_type":"article","og_title":"Embouchure de la rivi\u00e8re du Bic en hiver - Gino Caron Photographe","og_description":"Sur l&rsquo;\u00e9tendue glac\u00e9e, l\u00e0 o\u00f9 la rivi\u00e8re du Bic embrasse le froid hivernal, des cabanes de p\u00eacheurs s&rsquo;\u00e9veillent sous un ciel infini. Le bleu profond de l&rsquo;azur, stri\u00e9 de voiles nuageux, se marie au blanc \u00e9clatant de la glace, cr\u00e9ant une symphonie de couleurs pures. C&rsquo;est un monde en pause, o\u00f9 le temps semble suspendu, [&hellip;]","og_url":"https:\/\/www.gino-caron.com\/photoblog\/embouchure-de-la-riviere-du-bic-en-hiver\/","og_site_name":"Gino Caron Photographe","article_publisher":"https:\/\/www.facebook.com\/Gino.Caron.Photo","article_published_time":"2024-02-17T19:56:29+00:00","og_image":[{"width":2000,"height":699,"url":"https:\/\/www.gino-caron.com\/photoblog\/wp-content\/uploads\/2024\/02\/DSC03917_DxO-Panorama-1.jpg","type":"image\/jpeg"}],"author":"Gino Caron","twitter_card":"summary_large_image","twitter_creator":"@GinoCaron","twitter_site":"@GinoCaron","twitter_misc":{"\u00c9crit par":"Gino Caron","Dur\u00e9e de lecture estim\u00e9e":"1 minute"},"schema":{"@context":"https:\/\/schema.org","@graph":[{"@type":"Article","@id":"https:\/\/www.gino-caron.com\/photoblog\/embouchure-de-la-riviere-du-bic-en-hiver\/#article","isPartOf":{"@id":"https:\/\/www.gino-caron.com\/photoblog\/embouchure-de-la-riviere-du-bic-en-hiver\/"},"author":{"name":"Gino Caron","@id":"https:\/\/www.gino-caron.com\/photoblog\/#\/schema\/person\/137be5191e5940072a048b33b4c3b9e9"},"headline":"Embouchure de la rivi\u00e8re du Bic en hiver","datePublished":"2024-02-17T19:56:29+00:00","mainEntityOfPage":{"@id":"https:\/\/www.gino-caron.com\/photoblog\/embouchure-de-la-riviere-du-bic-en-hiver\/"},"wordCount":187,"publisher":{"@id":"https:\/\/www.gino-caron.com\/photoblog\/#organization"},"image":{"@id":"https:\/\/www.gino-caron.com\/photoblog\/embouchure-de-la-riviere-du-bic-en-hiver\/#primaryimage"},"thumbnailUrl":"https:\/\/www.gino-caron.com\/photoblog\/wp-content\/uploads\/2024\/02\/DSC03917_DxO-Panorama-1.jpg","articleSection":["Paysage"],"inLanguage":"fr-FR"},{"@type":"WebPage","@id":"https:\/\/www.gino-caron.com\/photoblog\/embouchure-de-la-riviere-du-bic-en-hiver\/","url":"https:\/\/www.gino-caron.com\/photoblog\/embouchure-de-la-riviere-du-bic-en-hiver\/","name":"Embouchure de la rivi\u00e8re du Bic en hiver - Gino Caron Photographe","isPartOf":{"@id":"https:\/\/www.gino-caron.com\/photoblog\/#website"},"primaryImageOfPage":{"@id":"https:\/\/www.gino-caron.com\/photoblog\/embouchure-de-la-riviere-du-bic-en-hiver\/#primaryimage"},"image":{"@id":"https:\/\/www.gino-caron.com\/photoblog\/embouchure-de-la-riviere-du-bic-en-hiver\/#primaryimage"},"thumbnailUrl":"https:\/\/www.gino-caron.com\/photoblog\/wp-content\/uploads\/2024\/02\/DSC03917_DxO-Panorama-1.jpg","datePublished":"2024-02-17T19:56:29+00:00","breadcrumb":{"@id":"https:\/\/www.gino-caron.com\/photoblog\/embouchure-de-la-riviere-du-bic-en-hiver\/#breadcrumb"},"inLanguage":"fr-FR","potentialAction":[{"@type":"ReadAction","target":["https:\/\/www.gino-caron.com\/photoblog\/embouchure-de-la-riviere-du-bic-en-hiver\/"]}]},{"@type":"ImageObject","inLanguage":"fr-FR","@id":"https:\/\/www.gino-caron.com\/photoblog\/embouchure-de-la-riviere-du-bic-en-hiver\/#primaryimage","url":"https:\/\/www.gino-caron.com\/photoblog\/wp-content\/uploads\/2024\/02\/DSC03917_DxO-Panorama-1.jpg","contentUrl":"https:\/\/www.gino-caron.com\/photoblog\/wp-content\/uploads\/2024\/02\/DSC03917_DxO-Panorama-1.jpg","width":2000,"height":699},{"@type":"BreadcrumbList","@id":"https:\/\/www.gino-caron.com\/photoblog\/embouchure-de-la-riviere-du-bic-en-hiver\/#breadcrumb","itemListElement":[{"@type":"ListItem","position":1,"name":"Accueil","item":"https:\/\/www.gino-caron.com\/photoblog\/"},{"@type":"ListItem","position":2,"name":"Embouchure de la rivi\u00e8re du Bic en hiver"}]},{"@type":"WebSite","@id":"https:\/\/www.gino-caron.com\/photoblog\/#website","url":"https:\/\/www.gino-caron.com\/photoblog\/","name":"Gino Caron Photographe","description":"Photographe professionnel de la r\u00e9gion de Rimouski - Mont-Joli. Photo a\u00e9rienne, immobili\u00e8re, paysage, mariage, impression photo, photo num\u00e9rique.","publisher":{"@id":"https:\/\/www.gino-caron.com\/photoblog\/#organization"},"potentialAction":[{"@type":"SearchAction","target":{"@type":"EntryPoint","urlTemplate":"https:\/\/www.gino-caron.com\/photoblog\/?s={search_term_string}"},"query-input":{"@type":"PropertyValueSpecification","valueRequired":true,"valueName":"search_term_string"}}],"inLanguage":"fr-FR"},{"@type":"Organization","@id":"https:\/\/www.gino-caron.com\/photoblog\/#organization","name":"Gino Caron Photographe","url":"https:\/\/www.gino-caron.com\/photoblog\/","logo":{"@type":"ImageObject","inLanguage":"fr-FR","@id":"https:\/\/www.gino-caron.com\/photoblog\/#\/schema\/logo\/image\/","url":"https:\/\/www.gino-caron.com\/photoblog\/wp-content\/uploads\/2024\/08\/sign_v3.png","contentUrl":"https:\/\/www.gino-caron.com\/photoblog\/wp-content\/uploads\/2024\/08\/sign_v3.png","width":584,"height":442,"caption":"Gino Caron Photographe"},"image":{"@id":"https:\/\/www.gino-caron.com\/photoblog\/#\/schema\/logo\/image\/"},"sameAs":["https:\/\/www.facebook.com\/Gino.Caron.Photo","https:\/\/x.com\/GinoCaron","https:\/\/www.instagram.com\/ginocaron\/"]},{"@type":"Person","@id":"https:\/\/www.gino-caron.com\/photoblog\/#\/schema\/person\/137be5191e5940072a048b33b4c3b9e9","name":"Gino Caron","image":{"@type":"ImageObject","inLanguage":"fr-FR","@id":"https:\/\/www.gino-caron.com\/photoblog\/#\/schema\/person\/image\/","url":"https:\/\/secure.gravatar.com\/avatar\/d4e0e08b17e64347b8c7208bf8b2a22f37b2d9fa9ef9d4024b2d96c4fd9ef77b?s=96&d=mm&r=g","contentUrl":"https:\/\/secure.gravatar.com\/avatar\/d4e0e08b17e64347b8c7208bf8b2a22f37b2d9fa9ef9d4024b2d96c4fd9ef77b?s=96&d=mm&r=g","caption":"Gino Caron"},"sameAs":["http:\/\/www.gino-caron.com"],"url":"https:\/\/www.gino-caron.com\/photoblog\/author\/electro76\/"}]}},"_links":{"self":[{"href":"https:\/\/www.gino-caron.com\/photoblog\/wp-json\/wp\/v2\/posts\/16758","targetHints":{"allow":["GET"]}}],"collection":[{"href":"https:\/\/www.gino-caron.com\/photoblog\/wp-json\/wp\/v2\/posts"}],"about":[{"href":"https:\/\/www.gino-caron.com\/photoblog\/wp-json\/wp\/v2\/types\/post"}],"author":[{"embeddable":true,"href":"https:\/\/www.gino-caron.com\/photoblog\/wp-json\/wp\/v2\/users\/3"}],"replies":[{"embeddable":true,"href":"https:\/\/www.gino-caron.com\/photoblog\/wp-json\/wp\/v2\/comments?post=16758"}],"version-history":[{"count":1,"href":"https:\/\/www.gino-caron.com\/photoblog\/wp-json\/wp\/v2\/posts\/16758\/revisions"}],"predecessor-version":[{"id":16761,"href":"https:\/\/www.gino-caron.com\/photoblog\/wp-json\/wp\/v2\/posts\/16758\/revisions\/16761"}],"wp:featuredmedia":[{"embeddable":true,"href":"https:\/\/www.gino-caron.com\/photoblog\/wp-json\/wp\/v2\/media\/16759"}],"wp:attachment":[{"href":"https:\/\/www.gino-caron.com\/photoblog\/wp-json\/wp\/v2\/media?parent=16758"}],"wp:term":[{"taxonomy":"category","embeddable":true,"href":"https:\/\/www.gino-caron.com\/photoblog\/wp-json\/wp\/v2\/categories?post=16758"},{"taxonomy":"post_tag","embeddable":true,"href":"https:\/\/www.gino-caron.com\/photoblog\/wp-json\/wp\/v2\/tags?post=16758"}],"curies":[{"name":"wp","href":"https:\/\/api.w.org\/{rel}","templated":true}]}}