{"id":16569,"date":"2023-11-28T20:05:18","date_gmt":"2023-11-29T00:05:18","guid":{"rendered":"https:\/\/www.gino-caron.com\/photoblog\/?p=16569"},"modified":"2023-11-28T20:05:18","modified_gmt":"2023-11-29T00:05:18","slug":"ambiance-des-fetes-au-centre-ville-de-rimouski","status":"publish","type":"post","link":"https:\/\/www.gino-caron.com\/photoblog\/ambiance-des-fetes-au-centre-ville-de-rimouski\/","title":{"rendered":"Ambiance des F\u00eates au centre-ville de Rimouski"},"content":{"rendered":"<p>Le centre-ville de Rimouski s&rsquo;illumine et scintille sous la neige nocturne. La magie des lumi\u00e8res festives embrasse la froideur de la saison, apportant chaleur et ga\u00eet\u00e9 dans le ballet incessant des flocons. Les d\u00e9corations de rue, telles des feux d&rsquo;artifice fig\u00e9s, s&rsquo;\u00e9lancent vers le ciel, tandis que les b\u00e2timents se parent de couleurs vibrantes.<\/p>\n<p>C&rsquo;est une sc\u00e8ne urbaine enneig\u00e9e typique, o\u00f9 la ville continue de pulser, vivante, sous le manteau blanc qui s&rsquo;installe, une carte postale vivante qui \u00e9voque la joie des f\u00eates et la promesse de rencontres chaleureuses malgr\u00e9 le froid envahissant.<\/p>\n<p>Rimouski, Bas-St-Laurent, Qu\u00e9bec<\/p>\n","protected":false},"excerpt":{"rendered":"<p>Le centre-ville de Rimouski s&rsquo;illumine et scintille sous la neige nocturne. La magie des lumi\u00e8res festives embrasse la froideur de la saison, apportant chaleur et ga\u00eet\u00e9 dans le ballet incessant des flocons. Les d\u00e9corations de rue, telles des feux d&rsquo;artifice fig\u00e9s, s&rsquo;\u00e9lancent vers le ciel, tandis que les b\u00e2timents se parent de couleurs vibrantes. C&rsquo;est [&hellip;]<\/p>\n","protected":false},"author":3,"featured_media":16568,"comment_status":"open","ping_status":"open","sticky":false,"template":"","format":"standard","meta":{"footnotes":""},"categories":[26,16,29],"tags":[345,404,625],"class_list":["post-16569","post","type-post","status-publish","format-standard","has-post-thumbnail","hentry","category-automne","category-paysage","category-rimouski","tag-lumiere","tag-neige","tag-ville"],"yoast_head":"<!-- This site is optimized with the Yoast SEO plugin v26.9 - https:\/\/yoast.com\/product\/yoast-seo-wordpress\/ -->\n<title>Ambiance des F\u00eates au centre-ville de Rimouski - Gino Caron Photographe<\/title>\n<meta name=\"robots\" content=\"index, follow, max-snippet:-1, max-image-preview:large, max-video-preview:-1\" \/>\n<link rel=\"canonical\" href=\"https:\/\/www.gino-caron.com\/photoblog\/ambiance-des-fetes-au-centre-ville-de-rimouski\/\" \/>\n<meta property=\"og:locale\" content=\"fr_FR\" \/>\n<meta property=\"og:type\" content=\"article\" \/>\n<meta property=\"og:title\" content=\"Ambiance des F\u00eates au centre-ville de Rimouski - Gino Caron Photographe\" \/>\n<meta property=\"og:description\" content=\"Le centre-ville de Rimouski s&rsquo;illumine et scintille sous la neige nocturne. La magie des lumi\u00e8res festives embrasse la froideur de la saison, apportant chaleur et ga\u00eet\u00e9 dans le ballet incessant des flocons. Les d\u00e9corations de rue, telles des feux d&rsquo;artifice fig\u00e9s, s&rsquo;\u00e9lancent vers le ciel, tandis que les b\u00e2timents se parent de couleurs vibrantes. C&rsquo;est [&hellip;]\" \/>\n<meta property=\"og:url\" content=\"https:\/\/www.gino-caron.com\/photoblog\/ambiance-des-fetes-au-centre-ville-de-rimouski\/\" \/>\n<meta property=\"og:site_name\" content=\"Gino Caron Photographe\" \/>\n<meta property=\"article:publisher\" content=\"https:\/\/www.facebook.com\/Gino.Caron.Photo\" \/>\n<meta property=\"article:published_time\" content=\"2023-11-29T00:05:18+00:00\" \/>\n<meta property=\"og:image\" content=\"https:\/\/www.gino-caron.com\/photoblog\/wp-content\/uploads\/2023\/11\/DSC03435_DxO-copy.jpg\" \/>\n\t<meta property=\"og:image:width\" content=\"1500\" \/>\n\t<meta property=\"og:image:height\" content=\"1000\" \/>\n\t<meta property=\"og:image:type\" content=\"image\/jpeg\" \/>\n<meta name=\"author\" content=\"Gino Caron\" \/>\n<meta name=\"twitter:card\" content=\"summary_large_image\" \/>\n<meta name=\"twitter:creator\" content=\"@GinoCaron\" \/>\n<meta name=\"twitter:site\" content=\"@GinoCaron\" \/>\n<meta name=\"twitter:label1\" content=\"\u00c9crit par\" \/>\n\t<meta name=\"twitter:data1\" content=\"Gino Caron\" \/>\n\t<meta name=\"twitter:label2\" content=\"Dur\u00e9e de lecture estim\u00e9e\" \/>\n\t<meta name=\"twitter:data2\" content=\"1 minute\" \/>\n<script type=\"application\/ld+json\" class=\"yoast-schema-graph\">{\"@context\":\"https:\/\/schema.org\",\"@graph\":[{\"@type\":\"Article\",\"@id\":\"https:\/\/www.gino-caron.com\/photoblog\/ambiance-des-fetes-au-centre-ville-de-rimouski\/#article\",\"isPartOf\":{\"@id\":\"https:\/\/www.gino-caron.com\/photoblog\/ambiance-des-fetes-au-centre-ville-de-rimouski\/\"},\"author\":{\"name\":\"Gino Caron\",\"@id\":\"https:\/\/www.gino-caron.com\/photoblog\/#\/schema\/person\/137be5191e5940072a048b33b4c3b9e9\"},\"headline\":\"Ambiance des F\u00eates au centre-ville de Rimouski\",\"datePublished\":\"2023-11-29T00:05:18+00:00\",\"mainEntityOfPage\":{\"@id\":\"https:\/\/www.gino-caron.com\/photoblog\/ambiance-des-fetes-au-centre-ville-de-rimouski\/\"},\"wordCount\":114,\"commentCount\":0,\"publisher\":{\"@id\":\"https:\/\/www.gino-caron.com\/photoblog\/#organization\"},\"image\":{\"@id\":\"https:\/\/www.gino-caron.com\/photoblog\/ambiance-des-fetes-au-centre-ville-de-rimouski\/#primaryimage\"},\"thumbnailUrl\":\"https:\/\/www.gino-caron.com\/photoblog\/wp-content\/uploads\/2023\/11\/DSC03435_DxO-copy.jpg\",\"keywords\":[\"lumi\u00e8re\",\"neige\",\"ville\"],\"articleSection\":[\"Automne\",\"Paysage\",\"Rimouski\"],\"inLanguage\":\"fr-FR\",\"potentialAction\":[{\"@type\":\"CommentAction\",\"name\":\"Comment\",\"target\":[\"https:\/\/www.gino-caron.com\/photoblog\/ambiance-des-fetes-au-centre-ville-de-rimouski\/#respond\"]}]},{\"@type\":\"WebPage\",\"@id\":\"https:\/\/www.gino-caron.com\/photoblog\/ambiance-des-fetes-au-centre-ville-de-rimouski\/\",\"url\":\"https:\/\/www.gino-caron.com\/photoblog\/ambiance-des-fetes-au-centre-ville-de-rimouski\/\",\"name\":\"Ambiance des F\u00eates au centre-ville de Rimouski - Gino Caron Photographe\",\"isPartOf\":{\"@id\":\"https:\/\/www.gino-caron.com\/photoblog\/#website\"},\"primaryImageOfPage\":{\"@id\":\"https:\/\/www.gino-caron.com\/photoblog\/ambiance-des-fetes-au-centre-ville-de-rimouski\/#primaryimage\"},\"image\":{\"@id\":\"https:\/\/www.gino-caron.com\/photoblog\/ambiance-des-fetes-au-centre-ville-de-rimouski\/#primaryimage\"},\"thumbnailUrl\":\"https:\/\/www.gino-caron.com\/photoblog\/wp-content\/uploads\/2023\/11\/DSC03435_DxO-copy.jpg\",\"datePublished\":\"2023-11-29T00:05:18+00:00\",\"breadcrumb\":{\"@id\":\"https:\/\/www.gino-caron.com\/photoblog\/ambiance-des-fetes-au-centre-ville-de-rimouski\/#breadcrumb\"},\"inLanguage\":\"fr-FR\",\"potentialAction\":[{\"@type\":\"ReadAction\",\"target\":[\"https:\/\/www.gino-caron.com\/photoblog\/ambiance-des-fetes-au-centre-ville-de-rimouski\/\"]}]},{\"@type\":\"ImageObject\",\"inLanguage\":\"fr-FR\",\"@id\":\"https:\/\/www.gino-caron.com\/photoblog\/ambiance-des-fetes-au-centre-ville-de-rimouski\/#primaryimage\",\"url\":\"https:\/\/www.gino-caron.com\/photoblog\/wp-content\/uploads\/2023\/11\/DSC03435_DxO-copy.jpg\",\"contentUrl\":\"https:\/\/www.gino-caron.com\/photoblog\/wp-content\/uploads\/2023\/11\/DSC03435_DxO-copy.jpg\",\"width\":1500,\"height\":1000},{\"@type\":\"BreadcrumbList\",\"@id\":\"https:\/\/www.gino-caron.com\/photoblog\/ambiance-des-fetes-au-centre-ville-de-rimouski\/#breadcrumb\",\"itemListElement\":[{\"@type\":\"ListItem\",\"position\":1,\"name\":\"Accueil\",\"item\":\"https:\/\/www.gino-caron.com\/photoblog\/\"},{\"@type\":\"ListItem\",\"position\":2,\"name\":\"Ambiance des F\u00eates au centre-ville de Rimouski\"}]},{\"@type\":\"WebSite\",\"@id\":\"https:\/\/www.gino-caron.com\/photoblog\/#website\",\"url\":\"https:\/\/www.gino-caron.com\/photoblog\/\",\"name\":\"Gino Caron Photographe\",\"description\":\"Photographe professionnel de la r\u00e9gion de Rimouski - Mont-Joli. Photo a\u00e9rienne, immobili\u00e8re, paysage, mariage, impression photo, photo num\u00e9rique.\",\"publisher\":{\"@id\":\"https:\/\/www.gino-caron.com\/photoblog\/#organization\"},\"potentialAction\":[{\"@type\":\"SearchAction\",\"target\":{\"@type\":\"EntryPoint\",\"urlTemplate\":\"https:\/\/www.gino-caron.com\/photoblog\/?s={search_term_string}\"},\"query-input\":{\"@type\":\"PropertyValueSpecification\",\"valueRequired\":true,\"valueName\":\"search_term_string\"}}],\"inLanguage\":\"fr-FR\"},{\"@type\":\"Organization\",\"@id\":\"https:\/\/www.gino-caron.com\/photoblog\/#organization\",\"name\":\"Gino Caron Photographe\",\"url\":\"https:\/\/www.gino-caron.com\/photoblog\/\",\"logo\":{\"@type\":\"ImageObject\",\"inLanguage\":\"fr-FR\",\"@id\":\"https:\/\/www.gino-caron.com\/photoblog\/#\/schema\/logo\/image\/\",\"url\":\"https:\/\/www.gino-caron.com\/photoblog\/wp-content\/uploads\/2024\/08\/sign_v3.png\",\"contentUrl\":\"https:\/\/www.gino-caron.com\/photoblog\/wp-content\/uploads\/2024\/08\/sign_v3.png\",\"width\":584,\"height\":442,\"caption\":\"Gino Caron Photographe\"},\"image\":{\"@id\":\"https:\/\/www.gino-caron.com\/photoblog\/#\/schema\/logo\/image\/\"},\"sameAs\":[\"https:\/\/www.facebook.com\/Gino.Caron.Photo\",\"https:\/\/x.com\/GinoCaron\",\"https:\/\/www.instagram.com\/ginocaron\/\"]},{\"@type\":\"Person\",\"@id\":\"https:\/\/www.gino-caron.com\/photoblog\/#\/schema\/person\/137be5191e5940072a048b33b4c3b9e9\",\"name\":\"Gino Caron\",\"image\":{\"@type\":\"ImageObject\",\"inLanguage\":\"fr-FR\",\"@id\":\"https:\/\/www.gino-caron.com\/photoblog\/#\/schema\/person\/image\/\",\"url\":\"https:\/\/secure.gravatar.com\/avatar\/d4e0e08b17e64347b8c7208bf8b2a22f37b2d9fa9ef9d4024b2d96c4fd9ef77b?s=96&d=mm&r=g\",\"contentUrl\":\"https:\/\/secure.gravatar.com\/avatar\/d4e0e08b17e64347b8c7208bf8b2a22f37b2d9fa9ef9d4024b2d96c4fd9ef77b?s=96&d=mm&r=g\",\"caption\":\"Gino Caron\"},\"sameAs\":[\"http:\/\/www.gino-caron.com\"],\"url\":\"https:\/\/www.gino-caron.com\/photoblog\/author\/electro76\/\"}]}<\/script>\n<!-- \/ Yoast SEO plugin. -->","yoast_head_json":{"title":"Ambiance des F\u00eates au centre-ville de Rimouski - Gino Caron Photographe","robots":{"index":"index","follow":"follow","max-snippet":"max-snippet:-1","max-image-preview":"max-image-preview:large","max-video-preview":"max-video-preview:-1"},"canonical":"https:\/\/www.gino-caron.com\/photoblog\/ambiance-des-fetes-au-centre-ville-de-rimouski\/","og_locale":"fr_FR","og_type":"article","og_title":"Ambiance des F\u00eates au centre-ville de Rimouski - Gino Caron Photographe","og_description":"Le centre-ville de Rimouski s&rsquo;illumine et scintille sous la neige nocturne. La magie des lumi\u00e8res festives embrasse la froideur de la saison, apportant chaleur et ga\u00eet\u00e9 dans le ballet incessant des flocons. Les d\u00e9corations de rue, telles des feux d&rsquo;artifice fig\u00e9s, s&rsquo;\u00e9lancent vers le ciel, tandis que les b\u00e2timents se parent de couleurs vibrantes. C&rsquo;est [&hellip;]","og_url":"https:\/\/www.gino-caron.com\/photoblog\/ambiance-des-fetes-au-centre-ville-de-rimouski\/","og_site_name":"Gino Caron Photographe","article_publisher":"https:\/\/www.facebook.com\/Gino.Caron.Photo","article_published_time":"2023-11-29T00:05:18+00:00","og_image":[{"width":1500,"height":1000,"url":"https:\/\/www.gino-caron.com\/photoblog\/wp-content\/uploads\/2023\/11\/DSC03435_DxO-copy.jpg","type":"image\/jpeg"}],"author":"Gino Caron","twitter_card":"summary_large_image","twitter_creator":"@GinoCaron","twitter_site":"@GinoCaron","twitter_misc":{"\u00c9crit par":"Gino Caron","Dur\u00e9e de lecture estim\u00e9e":"1 minute"},"schema":{"@context":"https:\/\/schema.org","@graph":[{"@type":"Article","@id":"https:\/\/www.gino-caron.com\/photoblog\/ambiance-des-fetes-au-centre-ville-de-rimouski\/#article","isPartOf":{"@id":"https:\/\/www.gino-caron.com\/photoblog\/ambiance-des-fetes-au-centre-ville-de-rimouski\/"},"author":{"name":"Gino Caron","@id":"https:\/\/www.gino-caron.com\/photoblog\/#\/schema\/person\/137be5191e5940072a048b33b4c3b9e9"},"headline":"Ambiance des F\u00eates au centre-ville de Rimouski","datePublished":"2023-11-29T00:05:18+00:00","mainEntityOfPage":{"@id":"https:\/\/www.gino-caron.com\/photoblog\/ambiance-des-fetes-au-centre-ville-de-rimouski\/"},"wordCount":114,"commentCount":0,"publisher":{"@id":"https:\/\/www.gino-caron.com\/photoblog\/#organization"},"image":{"@id":"https:\/\/www.gino-caron.com\/photoblog\/ambiance-des-fetes-au-centre-ville-de-rimouski\/#primaryimage"},"thumbnailUrl":"https:\/\/www.gino-caron.com\/photoblog\/wp-content\/uploads\/2023\/11\/DSC03435_DxO-copy.jpg","keywords":["lumi\u00e8re","neige","ville"],"articleSection":["Automne","Paysage","Rimouski"],"inLanguage":"fr-FR","potentialAction":[{"@type":"CommentAction","name":"Comment","target":["https:\/\/www.gino-caron.com\/photoblog\/ambiance-des-fetes-au-centre-ville-de-rimouski\/#respond"]}]},{"@type":"WebPage","@id":"https:\/\/www.gino-caron.com\/photoblog\/ambiance-des-fetes-au-centre-ville-de-rimouski\/","url":"https:\/\/www.gino-caron.com\/photoblog\/ambiance-des-fetes-au-centre-ville-de-rimouski\/","name":"Ambiance des F\u00eates au centre-ville de Rimouski - Gino Caron Photographe","isPartOf":{"@id":"https:\/\/www.gino-caron.com\/photoblog\/#website"},"primaryImageOfPage":{"@id":"https:\/\/www.gino-caron.com\/photoblog\/ambiance-des-fetes-au-centre-ville-de-rimouski\/#primaryimage"},"image":{"@id":"https:\/\/www.gino-caron.com\/photoblog\/ambiance-des-fetes-au-centre-ville-de-rimouski\/#primaryimage"},"thumbnailUrl":"https:\/\/www.gino-caron.com\/photoblog\/wp-content\/uploads\/2023\/11\/DSC03435_DxO-copy.jpg","datePublished":"2023-11-29T00:05:18+00:00","breadcrumb":{"@id":"https:\/\/www.gino-caron.com\/photoblog\/ambiance-des-fetes-au-centre-ville-de-rimouski\/#breadcrumb"},"inLanguage":"fr-FR","potentialAction":[{"@type":"ReadAction","target":["https:\/\/www.gino-caron.com\/photoblog\/ambiance-des-fetes-au-centre-ville-de-rimouski\/"]}]},{"@type":"ImageObject","inLanguage":"fr-FR","@id":"https:\/\/www.gino-caron.com\/photoblog\/ambiance-des-fetes-au-centre-ville-de-rimouski\/#primaryimage","url":"https:\/\/www.gino-caron.com\/photoblog\/wp-content\/uploads\/2023\/11\/DSC03435_DxO-copy.jpg","contentUrl":"https:\/\/www.gino-caron.com\/photoblog\/wp-content\/uploads\/2023\/11\/DSC03435_DxO-copy.jpg","width":1500,"height":1000},{"@type":"BreadcrumbList","@id":"https:\/\/www.gino-caron.com\/photoblog\/ambiance-des-fetes-au-centre-ville-de-rimouski\/#breadcrumb","itemListElement":[{"@type":"ListItem","position":1,"name":"Accueil","item":"https:\/\/www.gino-caron.com\/photoblog\/"},{"@type":"ListItem","position":2,"name":"Ambiance des F\u00eates au centre-ville de Rimouski"}]},{"@type":"WebSite","@id":"https:\/\/www.gino-caron.com\/photoblog\/#website","url":"https:\/\/www.gino-caron.com\/photoblog\/","name":"Gino Caron Photographe","description":"Photographe professionnel de la r\u00e9gion de Rimouski - Mont-Joli. Photo a\u00e9rienne, immobili\u00e8re, paysage, mariage, impression photo, photo num\u00e9rique.","publisher":{"@id":"https:\/\/www.gino-caron.com\/photoblog\/#organization"},"potentialAction":[{"@type":"SearchAction","target":{"@type":"EntryPoint","urlTemplate":"https:\/\/www.gino-caron.com\/photoblog\/?s={search_term_string}"},"query-input":{"@type":"PropertyValueSpecification","valueRequired":true,"valueName":"search_term_string"}}],"inLanguage":"fr-FR"},{"@type":"Organization","@id":"https:\/\/www.gino-caron.com\/photoblog\/#organization","name":"Gino Caron Photographe","url":"https:\/\/www.gino-caron.com\/photoblog\/","logo":{"@type":"ImageObject","inLanguage":"fr-FR","@id":"https:\/\/www.gino-caron.com\/photoblog\/#\/schema\/logo\/image\/","url":"https:\/\/www.gino-caron.com\/photoblog\/wp-content\/uploads\/2024\/08\/sign_v3.png","contentUrl":"https:\/\/www.gino-caron.com\/photoblog\/wp-content\/uploads\/2024\/08\/sign_v3.png","width":584,"height":442,"caption":"Gino Caron Photographe"},"image":{"@id":"https:\/\/www.gino-caron.com\/photoblog\/#\/schema\/logo\/image\/"},"sameAs":["https:\/\/www.facebook.com\/Gino.Caron.Photo","https:\/\/x.com\/GinoCaron","https:\/\/www.instagram.com\/ginocaron\/"]},{"@type":"Person","@id":"https:\/\/www.gino-caron.com\/photoblog\/#\/schema\/person\/137be5191e5940072a048b33b4c3b9e9","name":"Gino Caron","image":{"@type":"ImageObject","inLanguage":"fr-FR","@id":"https:\/\/www.gino-caron.com\/photoblog\/#\/schema\/person\/image\/","url":"https:\/\/secure.gravatar.com\/avatar\/d4e0e08b17e64347b8c7208bf8b2a22f37b2d9fa9ef9d4024b2d96c4fd9ef77b?s=96&d=mm&r=g","contentUrl":"https:\/\/secure.gravatar.com\/avatar\/d4e0e08b17e64347b8c7208bf8b2a22f37b2d9fa9ef9d4024b2d96c4fd9ef77b?s=96&d=mm&r=g","caption":"Gino Caron"},"sameAs":["http:\/\/www.gino-caron.com"],"url":"https:\/\/www.gino-caron.com\/photoblog\/author\/electro76\/"}]}},"_links":{"self":[{"href":"https:\/\/www.gino-caron.com\/photoblog\/wp-json\/wp\/v2\/posts\/16569","targetHints":{"allow":["GET"]}}],"collection":[{"href":"https:\/\/www.gino-caron.com\/photoblog\/wp-json\/wp\/v2\/posts"}],"about":[{"href":"https:\/\/www.gino-caron.com\/photoblog\/wp-json\/wp\/v2\/types\/post"}],"author":[{"embeddable":true,"href":"https:\/\/www.gino-caron.com\/photoblog\/wp-json\/wp\/v2\/users\/3"}],"replies":[{"embeddable":true,"href":"https:\/\/www.gino-caron.com\/photoblog\/wp-json\/wp\/v2\/comments?post=16569"}],"version-history":[{"count":1,"href":"https:\/\/www.gino-caron.com\/photoblog\/wp-json\/wp\/v2\/posts\/16569\/revisions"}],"predecessor-version":[{"id":16571,"href":"https:\/\/www.gino-caron.com\/photoblog\/wp-json\/wp\/v2\/posts\/16569\/revisions\/16571"}],"wp:featuredmedia":[{"embeddable":true,"href":"https:\/\/www.gino-caron.com\/photoblog\/wp-json\/wp\/v2\/media\/16568"}],"wp:attachment":[{"href":"https:\/\/www.gino-caron.com\/photoblog\/wp-json\/wp\/v2\/media?parent=16569"}],"wp:term":[{"taxonomy":"category","embeddable":true,"href":"https:\/\/www.gino-caron.com\/photoblog\/wp-json\/wp\/v2\/categories?post=16569"},{"taxonomy":"post_tag","embeddable":true,"href":"https:\/\/www.gino-caron.com\/photoblog\/wp-json\/wp\/v2\/tags?post=16569"}],"curies":[{"name":"wp","href":"https:\/\/api.w.org\/{rel}","templated":true}]}}