{"id":16158,"date":"2022-07-14T19:19:41","date_gmt":"2022-07-14T23:19:41","guid":{"rendered":"https:\/\/www.gino-caron.com\/photoblog\/?p=16158"},"modified":"2023-11-26T11:29:30","modified_gmt":"2023-11-26T15:29:30","slug":"le-long-de-la-riviere-mitis-2","status":"publish","type":"post","link":"https:\/\/www.gino-caron.com\/photoblog\/le-long-de-la-riviere-mitis-2\/","title":{"rendered":"Le long de la rivi\u00e8re Mitis"},"content":{"rendered":"<p>La Rivi\u00e8re Mitis serpente avec gr\u00e2ce \u00e0 travers un paysage qui est un hymne \u00e0 la fertilit\u00e9 et \u00e0 la vie. Ses eaux claires tracent un chemin \u00e0 travers les champs verdoyants et les zones humides, t\u00e9moins de l&rsquo;abondance naturelle. Les collines douces se dressent en protectrices du tableau, leurs sommets bois\u00e9s se perdant dans le ciel vaste et dynamique, peupl\u00e9 de nuages majestueux. La route, parall\u00e8le \u00e0 la rivi\u00e8re, offre une promesse de voyage le long de ce corridor de verdure, o\u00f9 l&rsquo;homme et la nature semblent avancer de concert. <\/p>\n<p>C&rsquo;est une sc\u00e8ne paisible, presque intemporelle, o\u00f9 le souffle du vent porte en lui les murmures de l&rsquo;eau et les secrets de la terre.<\/p>\n<p>St-Octave, Bas-St-Laurent, Qu\u00e9bec<\/p>\n","protected":false},"excerpt":{"rendered":"<p>La Rivi\u00e8re Mitis serpente avec gr\u00e2ce \u00e0 travers un paysage qui est un hymne \u00e0 la fertilit\u00e9 et \u00e0 la vie. Ses eaux claires tracent un chemin \u00e0 travers les champs verdoyants et les zones humides, t\u00e9moins de l&rsquo;abondance naturelle. Les collines douces se dressent en protectrices du tableau, leurs sommets bois\u00e9s se perdant dans [&hellip;]<\/p>\n","protected":false},"author":3,"featured_media":16159,"comment_status":"open","ping_status":"open","sticky":false,"template":"","format":"standard","meta":{"footnotes":""},"categories":[860,735,16,748],"tags":[521,536,539],"class_list":["post-16158","post","type-post","status-publish","format-standard","has-post-thumbnail","hentry","category-aerienne","category-ete-4","category-paysage","category-st-octave-de-metis","tag-riviere","tag-route","tag-rural"],"yoast_head":"<!-- This site is optimized with the Yoast SEO plugin v26.9 - https:\/\/yoast.com\/product\/yoast-seo-wordpress\/ -->\n<title>Le long de la rivi\u00e8re Mitis - Gino Caron Photographe<\/title>\n<meta name=\"robots\" content=\"index, follow, max-snippet:-1, max-image-preview:large, max-video-preview:-1\" \/>\n<link rel=\"canonical\" href=\"https:\/\/www.gino-caron.com\/photoblog\/le-long-de-la-riviere-mitis-2\/\" \/>\n<meta property=\"og:locale\" content=\"fr_FR\" \/>\n<meta property=\"og:type\" content=\"article\" \/>\n<meta property=\"og:title\" content=\"Le long de la rivi\u00e8re Mitis - Gino Caron Photographe\" \/>\n<meta property=\"og:description\" content=\"La Rivi\u00e8re Mitis serpente avec gr\u00e2ce \u00e0 travers un paysage qui est un hymne \u00e0 la fertilit\u00e9 et \u00e0 la vie. Ses eaux claires tracent un chemin \u00e0 travers les champs verdoyants et les zones humides, t\u00e9moins de l&rsquo;abondance naturelle. Les collines douces se dressent en protectrices du tableau, leurs sommets bois\u00e9s se perdant dans [&hellip;]\" \/>\n<meta property=\"og:url\" content=\"https:\/\/www.gino-caron.com\/photoblog\/le-long-de-la-riviere-mitis-2\/\" \/>\n<meta property=\"og:site_name\" content=\"Gino Caron Photographe\" \/>\n<meta property=\"article:publisher\" content=\"https:\/\/www.facebook.com\/Gino.Caron.Photo\" \/>\n<meta property=\"article:published_time\" content=\"2022-07-14T23:19:41+00:00\" \/>\n<meta property=\"article:modified_time\" content=\"2023-11-26T15:29:30+00:00\" \/>\n<meta property=\"og:image\" content=\"https:\/\/www.gino-caron.com\/photoblog\/wp-content\/uploads\/2022\/07\/DJI_0525-Panorama-copy.jpg\" \/>\n\t<meta property=\"og:image:width\" content=\"1500\" \/>\n\t<meta property=\"og:image:height\" content=\"1017\" \/>\n\t<meta property=\"og:image:type\" content=\"image\/jpeg\" \/>\n<meta name=\"author\" content=\"Gino Caron\" \/>\n<meta name=\"twitter:card\" content=\"summary_large_image\" \/>\n<meta name=\"twitter:creator\" content=\"@GinoCaron\" \/>\n<meta name=\"twitter:site\" content=\"@GinoCaron\" \/>\n<meta name=\"twitter:label1\" content=\"\u00c9crit par\" \/>\n\t<meta name=\"twitter:data1\" content=\"Gino Caron\" \/>\n\t<meta name=\"twitter:label2\" content=\"Dur\u00e9e de lecture estim\u00e9e\" \/>\n\t<meta name=\"twitter:data2\" content=\"1 minute\" \/>\n<script type=\"application\/ld+json\" class=\"yoast-schema-graph\">{\"@context\":\"https:\/\/schema.org\",\"@graph\":[{\"@type\":\"Article\",\"@id\":\"https:\/\/www.gino-caron.com\/photoblog\/le-long-de-la-riviere-mitis-2\/#article\",\"isPartOf\":{\"@id\":\"https:\/\/www.gino-caron.com\/photoblog\/le-long-de-la-riviere-mitis-2\/\"},\"author\":{\"name\":\"Gino Caron\",\"@id\":\"https:\/\/www.gino-caron.com\/photoblog\/#\/schema\/person\/137be5191e5940072a048b33b4c3b9e9\"},\"headline\":\"Le long de la rivi\u00e8re Mitis\",\"datePublished\":\"2022-07-14T23:19:41+00:00\",\"dateModified\":\"2023-11-26T15:29:30+00:00\",\"mainEntityOfPage\":{\"@id\":\"https:\/\/www.gino-caron.com\/photoblog\/le-long-de-la-riviere-mitis-2\/\"},\"wordCount\":128,\"commentCount\":0,\"publisher\":{\"@id\":\"https:\/\/www.gino-caron.com\/photoblog\/#organization\"},\"image\":{\"@id\":\"https:\/\/www.gino-caron.com\/photoblog\/le-long-de-la-riviere-mitis-2\/#primaryimage\"},\"thumbnailUrl\":\"https:\/\/www.gino-caron.com\/photoblog\/wp-content\/uploads\/2022\/07\/DJI_0525-Panorama-copy.jpg\",\"keywords\":[\"riviere\",\"route\",\"rural\"],\"articleSection\":[\"A\u00e9rienne\",\"\u00c9t\u00e9\",\"Paysage\",\"St-Octave-de-M\u00e9tis\"],\"inLanguage\":\"fr-FR\",\"potentialAction\":[{\"@type\":\"CommentAction\",\"name\":\"Comment\",\"target\":[\"https:\/\/www.gino-caron.com\/photoblog\/le-long-de-la-riviere-mitis-2\/#respond\"]}]},{\"@type\":\"WebPage\",\"@id\":\"https:\/\/www.gino-caron.com\/photoblog\/le-long-de-la-riviere-mitis-2\/\",\"url\":\"https:\/\/www.gino-caron.com\/photoblog\/le-long-de-la-riviere-mitis-2\/\",\"name\":\"Le long de la rivi\u00e8re Mitis - Gino Caron Photographe\",\"isPartOf\":{\"@id\":\"https:\/\/www.gino-caron.com\/photoblog\/#website\"},\"primaryImageOfPage\":{\"@id\":\"https:\/\/www.gino-caron.com\/photoblog\/le-long-de-la-riviere-mitis-2\/#primaryimage\"},\"image\":{\"@id\":\"https:\/\/www.gino-caron.com\/photoblog\/le-long-de-la-riviere-mitis-2\/#primaryimage\"},\"thumbnailUrl\":\"https:\/\/www.gino-caron.com\/photoblog\/wp-content\/uploads\/2022\/07\/DJI_0525-Panorama-copy.jpg\",\"datePublished\":\"2022-07-14T23:19:41+00:00\",\"dateModified\":\"2023-11-26T15:29:30+00:00\",\"breadcrumb\":{\"@id\":\"https:\/\/www.gino-caron.com\/photoblog\/le-long-de-la-riviere-mitis-2\/#breadcrumb\"},\"inLanguage\":\"fr-FR\",\"potentialAction\":[{\"@type\":\"ReadAction\",\"target\":[\"https:\/\/www.gino-caron.com\/photoblog\/le-long-de-la-riviere-mitis-2\/\"]}]},{\"@type\":\"ImageObject\",\"inLanguage\":\"fr-FR\",\"@id\":\"https:\/\/www.gino-caron.com\/photoblog\/le-long-de-la-riviere-mitis-2\/#primaryimage\",\"url\":\"https:\/\/www.gino-caron.com\/photoblog\/wp-content\/uploads\/2022\/07\/DJI_0525-Panorama-copy.jpg\",\"contentUrl\":\"https:\/\/www.gino-caron.com\/photoblog\/wp-content\/uploads\/2022\/07\/DJI_0525-Panorama-copy.jpg\",\"width\":1500,\"height\":1017},{\"@type\":\"BreadcrumbList\",\"@id\":\"https:\/\/www.gino-caron.com\/photoblog\/le-long-de-la-riviere-mitis-2\/#breadcrumb\",\"itemListElement\":[{\"@type\":\"ListItem\",\"position\":1,\"name\":\"Accueil\",\"item\":\"https:\/\/www.gino-caron.com\/photoblog\/\"},{\"@type\":\"ListItem\",\"position\":2,\"name\":\"Le long de la rivi\u00e8re Mitis\"}]},{\"@type\":\"WebSite\",\"@id\":\"https:\/\/www.gino-caron.com\/photoblog\/#website\",\"url\":\"https:\/\/www.gino-caron.com\/photoblog\/\",\"name\":\"Gino Caron Photographe\",\"description\":\"Photographe professionnel de la r\u00e9gion de Rimouski - Mont-Joli. Photo a\u00e9rienne, immobili\u00e8re, paysage, mariage, impression photo, photo num\u00e9rique.\",\"publisher\":{\"@id\":\"https:\/\/www.gino-caron.com\/photoblog\/#organization\"},\"potentialAction\":[{\"@type\":\"SearchAction\",\"target\":{\"@type\":\"EntryPoint\",\"urlTemplate\":\"https:\/\/www.gino-caron.com\/photoblog\/?s={search_term_string}\"},\"query-input\":{\"@type\":\"PropertyValueSpecification\",\"valueRequired\":true,\"valueName\":\"search_term_string\"}}],\"inLanguage\":\"fr-FR\"},{\"@type\":\"Organization\",\"@id\":\"https:\/\/www.gino-caron.com\/photoblog\/#organization\",\"name\":\"Gino Caron Photographe\",\"url\":\"https:\/\/www.gino-caron.com\/photoblog\/\",\"logo\":{\"@type\":\"ImageObject\",\"inLanguage\":\"fr-FR\",\"@id\":\"https:\/\/www.gino-caron.com\/photoblog\/#\/schema\/logo\/image\/\",\"url\":\"https:\/\/www.gino-caron.com\/photoblog\/wp-content\/uploads\/2024\/08\/sign_v3.png\",\"contentUrl\":\"https:\/\/www.gino-caron.com\/photoblog\/wp-content\/uploads\/2024\/08\/sign_v3.png\",\"width\":584,\"height\":442,\"caption\":\"Gino Caron Photographe\"},\"image\":{\"@id\":\"https:\/\/www.gino-caron.com\/photoblog\/#\/schema\/logo\/image\/\"},\"sameAs\":[\"https:\/\/www.facebook.com\/Gino.Caron.Photo\",\"https:\/\/x.com\/GinoCaron\",\"https:\/\/www.instagram.com\/ginocaron\/\"]},{\"@type\":\"Person\",\"@id\":\"https:\/\/www.gino-caron.com\/photoblog\/#\/schema\/person\/137be5191e5940072a048b33b4c3b9e9\",\"name\":\"Gino Caron\",\"image\":{\"@type\":\"ImageObject\",\"inLanguage\":\"fr-FR\",\"@id\":\"https:\/\/www.gino-caron.com\/photoblog\/#\/schema\/person\/image\/\",\"url\":\"https:\/\/secure.gravatar.com\/avatar\/d4e0e08b17e64347b8c7208bf8b2a22f37b2d9fa9ef9d4024b2d96c4fd9ef77b?s=96&d=mm&r=g\",\"contentUrl\":\"https:\/\/secure.gravatar.com\/avatar\/d4e0e08b17e64347b8c7208bf8b2a22f37b2d9fa9ef9d4024b2d96c4fd9ef77b?s=96&d=mm&r=g\",\"caption\":\"Gino Caron\"},\"sameAs\":[\"http:\/\/www.gino-caron.com\"],\"url\":\"https:\/\/www.gino-caron.com\/photoblog\/author\/electro76\/\"}]}<\/script>\n<!-- \/ Yoast SEO plugin. -->","yoast_head_json":{"title":"Le long de la rivi\u00e8re Mitis - Gino Caron Photographe","robots":{"index":"index","follow":"follow","max-snippet":"max-snippet:-1","max-image-preview":"max-image-preview:large","max-video-preview":"max-video-preview:-1"},"canonical":"https:\/\/www.gino-caron.com\/photoblog\/le-long-de-la-riviere-mitis-2\/","og_locale":"fr_FR","og_type":"article","og_title":"Le long de la rivi\u00e8re Mitis - Gino Caron Photographe","og_description":"La Rivi\u00e8re Mitis serpente avec gr\u00e2ce \u00e0 travers un paysage qui est un hymne \u00e0 la fertilit\u00e9 et \u00e0 la vie. Ses eaux claires tracent un chemin \u00e0 travers les champs verdoyants et les zones humides, t\u00e9moins de l&rsquo;abondance naturelle. Les collines douces se dressent en protectrices du tableau, leurs sommets bois\u00e9s se perdant dans [&hellip;]","og_url":"https:\/\/www.gino-caron.com\/photoblog\/le-long-de-la-riviere-mitis-2\/","og_site_name":"Gino Caron Photographe","article_publisher":"https:\/\/www.facebook.com\/Gino.Caron.Photo","article_published_time":"2022-07-14T23:19:41+00:00","article_modified_time":"2023-11-26T15:29:30+00:00","og_image":[{"width":1500,"height":1017,"url":"https:\/\/www.gino-caron.com\/photoblog\/wp-content\/uploads\/2022\/07\/DJI_0525-Panorama-copy.jpg","type":"image\/jpeg"}],"author":"Gino Caron","twitter_card":"summary_large_image","twitter_creator":"@GinoCaron","twitter_site":"@GinoCaron","twitter_misc":{"\u00c9crit par":"Gino Caron","Dur\u00e9e de lecture estim\u00e9e":"1 minute"},"schema":{"@context":"https:\/\/schema.org","@graph":[{"@type":"Article","@id":"https:\/\/www.gino-caron.com\/photoblog\/le-long-de-la-riviere-mitis-2\/#article","isPartOf":{"@id":"https:\/\/www.gino-caron.com\/photoblog\/le-long-de-la-riviere-mitis-2\/"},"author":{"name":"Gino Caron","@id":"https:\/\/www.gino-caron.com\/photoblog\/#\/schema\/person\/137be5191e5940072a048b33b4c3b9e9"},"headline":"Le long de la rivi\u00e8re Mitis","datePublished":"2022-07-14T23:19:41+00:00","dateModified":"2023-11-26T15:29:30+00:00","mainEntityOfPage":{"@id":"https:\/\/www.gino-caron.com\/photoblog\/le-long-de-la-riviere-mitis-2\/"},"wordCount":128,"commentCount":0,"publisher":{"@id":"https:\/\/www.gino-caron.com\/photoblog\/#organization"},"image":{"@id":"https:\/\/www.gino-caron.com\/photoblog\/le-long-de-la-riviere-mitis-2\/#primaryimage"},"thumbnailUrl":"https:\/\/www.gino-caron.com\/photoblog\/wp-content\/uploads\/2022\/07\/DJI_0525-Panorama-copy.jpg","keywords":["riviere","route","rural"],"articleSection":["A\u00e9rienne","\u00c9t\u00e9","Paysage","St-Octave-de-M\u00e9tis"],"inLanguage":"fr-FR","potentialAction":[{"@type":"CommentAction","name":"Comment","target":["https:\/\/www.gino-caron.com\/photoblog\/le-long-de-la-riviere-mitis-2\/#respond"]}]},{"@type":"WebPage","@id":"https:\/\/www.gino-caron.com\/photoblog\/le-long-de-la-riviere-mitis-2\/","url":"https:\/\/www.gino-caron.com\/photoblog\/le-long-de-la-riviere-mitis-2\/","name":"Le long de la rivi\u00e8re Mitis - Gino Caron Photographe","isPartOf":{"@id":"https:\/\/www.gino-caron.com\/photoblog\/#website"},"primaryImageOfPage":{"@id":"https:\/\/www.gino-caron.com\/photoblog\/le-long-de-la-riviere-mitis-2\/#primaryimage"},"image":{"@id":"https:\/\/www.gino-caron.com\/photoblog\/le-long-de-la-riviere-mitis-2\/#primaryimage"},"thumbnailUrl":"https:\/\/www.gino-caron.com\/photoblog\/wp-content\/uploads\/2022\/07\/DJI_0525-Panorama-copy.jpg","datePublished":"2022-07-14T23:19:41+00:00","dateModified":"2023-11-26T15:29:30+00:00","breadcrumb":{"@id":"https:\/\/www.gino-caron.com\/photoblog\/le-long-de-la-riviere-mitis-2\/#breadcrumb"},"inLanguage":"fr-FR","potentialAction":[{"@type":"ReadAction","target":["https:\/\/www.gino-caron.com\/photoblog\/le-long-de-la-riviere-mitis-2\/"]}]},{"@type":"ImageObject","inLanguage":"fr-FR","@id":"https:\/\/www.gino-caron.com\/photoblog\/le-long-de-la-riviere-mitis-2\/#primaryimage","url":"https:\/\/www.gino-caron.com\/photoblog\/wp-content\/uploads\/2022\/07\/DJI_0525-Panorama-copy.jpg","contentUrl":"https:\/\/www.gino-caron.com\/photoblog\/wp-content\/uploads\/2022\/07\/DJI_0525-Panorama-copy.jpg","width":1500,"height":1017},{"@type":"BreadcrumbList","@id":"https:\/\/www.gino-caron.com\/photoblog\/le-long-de-la-riviere-mitis-2\/#breadcrumb","itemListElement":[{"@type":"ListItem","position":1,"name":"Accueil","item":"https:\/\/www.gino-caron.com\/photoblog\/"},{"@type":"ListItem","position":2,"name":"Le long de la rivi\u00e8re Mitis"}]},{"@type":"WebSite","@id":"https:\/\/www.gino-caron.com\/photoblog\/#website","url":"https:\/\/www.gino-caron.com\/photoblog\/","name":"Gino Caron Photographe","description":"Photographe professionnel de la r\u00e9gion de Rimouski - Mont-Joli. Photo a\u00e9rienne, immobili\u00e8re, paysage, mariage, impression photo, photo num\u00e9rique.","publisher":{"@id":"https:\/\/www.gino-caron.com\/photoblog\/#organization"},"potentialAction":[{"@type":"SearchAction","target":{"@type":"EntryPoint","urlTemplate":"https:\/\/www.gino-caron.com\/photoblog\/?s={search_term_string}"},"query-input":{"@type":"PropertyValueSpecification","valueRequired":true,"valueName":"search_term_string"}}],"inLanguage":"fr-FR"},{"@type":"Organization","@id":"https:\/\/www.gino-caron.com\/photoblog\/#organization","name":"Gino Caron Photographe","url":"https:\/\/www.gino-caron.com\/photoblog\/","logo":{"@type":"ImageObject","inLanguage":"fr-FR","@id":"https:\/\/www.gino-caron.com\/photoblog\/#\/schema\/logo\/image\/","url":"https:\/\/www.gino-caron.com\/photoblog\/wp-content\/uploads\/2024\/08\/sign_v3.png","contentUrl":"https:\/\/www.gino-caron.com\/photoblog\/wp-content\/uploads\/2024\/08\/sign_v3.png","width":584,"height":442,"caption":"Gino Caron Photographe"},"image":{"@id":"https:\/\/www.gino-caron.com\/photoblog\/#\/schema\/logo\/image\/"},"sameAs":["https:\/\/www.facebook.com\/Gino.Caron.Photo","https:\/\/x.com\/GinoCaron","https:\/\/www.instagram.com\/ginocaron\/"]},{"@type":"Person","@id":"https:\/\/www.gino-caron.com\/photoblog\/#\/schema\/person\/137be5191e5940072a048b33b4c3b9e9","name":"Gino Caron","image":{"@type":"ImageObject","inLanguage":"fr-FR","@id":"https:\/\/www.gino-caron.com\/photoblog\/#\/schema\/person\/image\/","url":"https:\/\/secure.gravatar.com\/avatar\/d4e0e08b17e64347b8c7208bf8b2a22f37b2d9fa9ef9d4024b2d96c4fd9ef77b?s=96&d=mm&r=g","contentUrl":"https:\/\/secure.gravatar.com\/avatar\/d4e0e08b17e64347b8c7208bf8b2a22f37b2d9fa9ef9d4024b2d96c4fd9ef77b?s=96&d=mm&r=g","caption":"Gino Caron"},"sameAs":["http:\/\/www.gino-caron.com"],"url":"https:\/\/www.gino-caron.com\/photoblog\/author\/electro76\/"}]}},"_links":{"self":[{"href":"https:\/\/www.gino-caron.com\/photoblog\/wp-json\/wp\/v2\/posts\/16158","targetHints":{"allow":["GET"]}}],"collection":[{"href":"https:\/\/www.gino-caron.com\/photoblog\/wp-json\/wp\/v2\/posts"}],"about":[{"href":"https:\/\/www.gino-caron.com\/photoblog\/wp-json\/wp\/v2\/types\/post"}],"author":[{"embeddable":true,"href":"https:\/\/www.gino-caron.com\/photoblog\/wp-json\/wp\/v2\/users\/3"}],"replies":[{"embeddable":true,"href":"https:\/\/www.gino-caron.com\/photoblog\/wp-json\/wp\/v2\/comments?post=16158"}],"version-history":[{"count":2,"href":"https:\/\/www.gino-caron.com\/photoblog\/wp-json\/wp\/v2\/posts\/16158\/revisions"}],"predecessor-version":[{"id":16507,"href":"https:\/\/www.gino-caron.com\/photoblog\/wp-json\/wp\/v2\/posts\/16158\/revisions\/16507"}],"wp:featuredmedia":[{"embeddable":true,"href":"https:\/\/www.gino-caron.com\/photoblog\/wp-json\/wp\/v2\/media\/16159"}],"wp:attachment":[{"href":"https:\/\/www.gino-caron.com\/photoblog\/wp-json\/wp\/v2\/media?parent=16158"}],"wp:term":[{"taxonomy":"category","embeddable":true,"href":"https:\/\/www.gino-caron.com\/photoblog\/wp-json\/wp\/v2\/categories?post=16158"},{"taxonomy":"post_tag","embeddable":true,"href":"https:\/\/www.gino-caron.com\/photoblog\/wp-json\/wp\/v2\/tags?post=16158"}],"curies":[{"name":"wp","href":"https:\/\/api.w.org\/{rel}","templated":true}]}}