{"id":15874,"date":"2021-09-26T09:06:52","date_gmt":"2021-09-26T13:06:52","guid":{"rendered":"https:\/\/www.gino-caron.com\/photoblog\/?p=15874"},"modified":"2021-09-26T09:06:52","modified_gmt":"2021-09-26T13:06:52","slug":"le-mont-comi-en-automne","status":"publish","type":"post","link":"https:\/\/www.gino-caron.com\/photoblog\/le-mont-comi-en-automne\/","title":{"rendered":"Le Mont-Comi en automne"},"content":{"rendered":"<p>Samuel de Champlain mentionne le mont en 1611 mais ne lui donne pas de nom. La montagne est d\u00e9sign\u00e9e sous le nom de mont Carmel par Frankelin en 1686, puis au XVIIIe si\u00e8cle les cartographes Bellin en 1753, Anville en 1755, Carver en 1776 le nomment mont Camille. Cette d\u00e9nomination est aussi utilis\u00e9e par D. S. Ballantyne en 1839 et par l&rsquo;amiral Bayfield en 1849. Sur une carte d&rsquo;arpentage du chemin Tach\u00e9 r\u00e9alis\u00e9e par Fr\u00e9d\u00e9ric B\u00e9langer en 1858, ce dernier utilise le nom de Mount Comming. Toujours au XIXe si\u00e8cle, on rencontre les nomenclatures mont Commis, mont Comis et mont C\u00e2mi.<\/p>\n<p>Le mont est connu depuis le XVIIe si\u00e8cle par les navigateurs du fleuve Saint-Laurent qui l&rsquo;utilisent comme point de rep\u00e8re. Ce point de rep\u00e8re devient plus important au XIXe si\u00e8cle en l&rsquo;absence de station de phare alors que les navires croisant sur le fleuve doivent attendre l&#8217;embarquement d&rsquo;un pilote de la station de pilotage du Bic.<\/p>\n<p>Le mont abrite une station r\u00e9cr\u00e9o-touristique o\u00f9 l&rsquo;on retrouve une station multiglisse 4 saisons\u00b8et situ\u00e9 le long de la route des Monts Notre-Dame.<\/p>\n<p>Il est toujours magnifique quand les couleurs d&rsquo;automne s&#8217;emparent de la for\u00eat.<\/p>\n<p>St-Donat, Bas-St-Laurent, Qu\u00e9bec<\/p>\n","protected":false},"excerpt":{"rendered":"<p>Samuel de Champlain mentionne le mont en 1611 mais ne lui donne pas de nom. La montagne est d\u00e9sign\u00e9e sous le nom de mont Carmel par Frankelin en 1686, puis au XVIIIe si\u00e8cle les cartographes Bellin en 1753, Anville en 1755, Carver en 1776 le nomment mont Camille. Cette d\u00e9nomination est aussi utilis\u00e9e par D. [&hellip;]<\/p>\n","protected":false},"author":3,"featured_media":15875,"comment_status":"open","ping_status":"open","sticky":false,"template":"","format":"standard","meta":{"footnotes":""},"categories":[860,26,16,32],"tags":[190,264,387],"class_list":["post-15874","post","type-post","status-publish","format-standard","has-post-thumbnail","hentry","category-aerienne","category-automne","category-paysage","category-st-donat","tag-couleur","tag-foret","tag-montagne"],"yoast_head":"<!-- This site is optimized with the Yoast SEO plugin v26.9 - https:\/\/yoast.com\/product\/yoast-seo-wordpress\/ -->\n<title>Le Mont-Comi en automne - Gino Caron Photographe<\/title>\n<meta name=\"robots\" content=\"index, follow, max-snippet:-1, max-image-preview:large, max-video-preview:-1\" \/>\n<link rel=\"canonical\" href=\"https:\/\/www.gino-caron.com\/photoblog\/le-mont-comi-en-automne\/\" \/>\n<meta property=\"og:locale\" content=\"fr_FR\" \/>\n<meta property=\"og:type\" content=\"article\" \/>\n<meta property=\"og:title\" content=\"Le Mont-Comi en automne - Gino Caron Photographe\" \/>\n<meta property=\"og:description\" content=\"Samuel de Champlain mentionne le mont en 1611 mais ne lui donne pas de nom. La montagne est d\u00e9sign\u00e9e sous le nom de mont Carmel par Frankelin en 1686, puis au XVIIIe si\u00e8cle les cartographes Bellin en 1753, Anville en 1755, Carver en 1776 le nomment mont Camille. Cette d\u00e9nomination est aussi utilis\u00e9e par D. [&hellip;]\" \/>\n<meta property=\"og:url\" content=\"https:\/\/www.gino-caron.com\/photoblog\/le-mont-comi-en-automne\/\" \/>\n<meta property=\"og:site_name\" content=\"Gino Caron Photographe\" \/>\n<meta property=\"article:publisher\" content=\"https:\/\/www.facebook.com\/Gino.Caron.Photo\" \/>\n<meta property=\"article:published_time\" content=\"2021-09-26T13:06:52+00:00\" \/>\n<meta property=\"og:image\" content=\"https:\/\/www.gino-caron.com\/photoblog\/wp-content\/uploads\/2021\/09\/Group-0-PANO0001_PANO0026-27-images-copy.jpg\" \/>\n\t<meta property=\"og:image:width\" content=\"1500\" \/>\n\t<meta property=\"og:image:height\" content=\"687\" \/>\n\t<meta property=\"og:image:type\" content=\"image\/jpeg\" \/>\n<meta name=\"author\" content=\"Gino Caron\" \/>\n<meta name=\"twitter:card\" content=\"summary_large_image\" \/>\n<meta name=\"twitter:creator\" content=\"@GinoCaron\" \/>\n<meta name=\"twitter:site\" content=\"@GinoCaron\" \/>\n<meta name=\"twitter:label1\" content=\"\u00c9crit par\" \/>\n\t<meta name=\"twitter:data1\" content=\"Gino Caron\" \/>\n\t<meta name=\"twitter:label2\" content=\"Dur\u00e9e de lecture estim\u00e9e\" \/>\n\t<meta name=\"twitter:data2\" content=\"1 minute\" \/>\n<script type=\"application\/ld+json\" class=\"yoast-schema-graph\">{\"@context\":\"https:\/\/schema.org\",\"@graph\":[{\"@type\":\"Article\",\"@id\":\"https:\/\/www.gino-caron.com\/photoblog\/le-mont-comi-en-automne\/#article\",\"isPartOf\":{\"@id\":\"https:\/\/www.gino-caron.com\/photoblog\/le-mont-comi-en-automne\/\"},\"author\":{\"name\":\"Gino Caron\",\"@id\":\"https:\/\/www.gino-caron.com\/photoblog\/#\/schema\/person\/137be5191e5940072a048b33b4c3b9e9\"},\"headline\":\"Le Mont-Comi en automne\",\"datePublished\":\"2021-09-26T13:06:52+00:00\",\"mainEntityOfPage\":{\"@id\":\"https:\/\/www.gino-caron.com\/photoblog\/le-mont-comi-en-automne\/\"},\"wordCount\":211,\"commentCount\":0,\"publisher\":{\"@id\":\"https:\/\/www.gino-caron.com\/photoblog\/#organization\"},\"image\":{\"@id\":\"https:\/\/www.gino-caron.com\/photoblog\/le-mont-comi-en-automne\/#primaryimage\"},\"thumbnailUrl\":\"https:\/\/www.gino-caron.com\/photoblog\/wp-content\/uploads\/2021\/09\/Group-0-PANO0001_PANO0026-27-images-copy.jpg\",\"keywords\":[\"couleurs\",\"foret\",\"montagne\"],\"articleSection\":[\"A\u00e9rienne\",\"Automne\",\"Paysage\",\"St-Donat\"],\"inLanguage\":\"fr-FR\",\"potentialAction\":[{\"@type\":\"CommentAction\",\"name\":\"Comment\",\"target\":[\"https:\/\/www.gino-caron.com\/photoblog\/le-mont-comi-en-automne\/#respond\"]}]},{\"@type\":\"WebPage\",\"@id\":\"https:\/\/www.gino-caron.com\/photoblog\/le-mont-comi-en-automne\/\",\"url\":\"https:\/\/www.gino-caron.com\/photoblog\/le-mont-comi-en-automne\/\",\"name\":\"Le Mont-Comi en automne - Gino Caron Photographe\",\"isPartOf\":{\"@id\":\"https:\/\/www.gino-caron.com\/photoblog\/#website\"},\"primaryImageOfPage\":{\"@id\":\"https:\/\/www.gino-caron.com\/photoblog\/le-mont-comi-en-automne\/#primaryimage\"},\"image\":{\"@id\":\"https:\/\/www.gino-caron.com\/photoblog\/le-mont-comi-en-automne\/#primaryimage\"},\"thumbnailUrl\":\"https:\/\/www.gino-caron.com\/photoblog\/wp-content\/uploads\/2021\/09\/Group-0-PANO0001_PANO0026-27-images-copy.jpg\",\"datePublished\":\"2021-09-26T13:06:52+00:00\",\"breadcrumb\":{\"@id\":\"https:\/\/www.gino-caron.com\/photoblog\/le-mont-comi-en-automne\/#breadcrumb\"},\"inLanguage\":\"fr-FR\",\"potentialAction\":[{\"@type\":\"ReadAction\",\"target\":[\"https:\/\/www.gino-caron.com\/photoblog\/le-mont-comi-en-automne\/\"]}]},{\"@type\":\"ImageObject\",\"inLanguage\":\"fr-FR\",\"@id\":\"https:\/\/www.gino-caron.com\/photoblog\/le-mont-comi-en-automne\/#primaryimage\",\"url\":\"https:\/\/www.gino-caron.com\/photoblog\/wp-content\/uploads\/2021\/09\/Group-0-PANO0001_PANO0026-27-images-copy.jpg\",\"contentUrl\":\"https:\/\/www.gino-caron.com\/photoblog\/wp-content\/uploads\/2021\/09\/Group-0-PANO0001_PANO0026-27-images-copy.jpg\",\"width\":1500,\"height\":687},{\"@type\":\"BreadcrumbList\",\"@id\":\"https:\/\/www.gino-caron.com\/photoblog\/le-mont-comi-en-automne\/#breadcrumb\",\"itemListElement\":[{\"@type\":\"ListItem\",\"position\":1,\"name\":\"Accueil\",\"item\":\"https:\/\/www.gino-caron.com\/photoblog\/\"},{\"@type\":\"ListItem\",\"position\":2,\"name\":\"Le Mont-Comi en automne\"}]},{\"@type\":\"WebSite\",\"@id\":\"https:\/\/www.gino-caron.com\/photoblog\/#website\",\"url\":\"https:\/\/www.gino-caron.com\/photoblog\/\",\"name\":\"Gino Caron Photographe\",\"description\":\"Photographe professionnel de la r\u00e9gion de Rimouski - Mont-Joli. Photo a\u00e9rienne, immobili\u00e8re, paysage, mariage, impression photo, photo num\u00e9rique.\",\"publisher\":{\"@id\":\"https:\/\/www.gino-caron.com\/photoblog\/#organization\"},\"potentialAction\":[{\"@type\":\"SearchAction\",\"target\":{\"@type\":\"EntryPoint\",\"urlTemplate\":\"https:\/\/www.gino-caron.com\/photoblog\/?s={search_term_string}\"},\"query-input\":{\"@type\":\"PropertyValueSpecification\",\"valueRequired\":true,\"valueName\":\"search_term_string\"}}],\"inLanguage\":\"fr-FR\"},{\"@type\":\"Organization\",\"@id\":\"https:\/\/www.gino-caron.com\/photoblog\/#organization\",\"name\":\"Gino Caron Photographe\",\"url\":\"https:\/\/www.gino-caron.com\/photoblog\/\",\"logo\":{\"@type\":\"ImageObject\",\"inLanguage\":\"fr-FR\",\"@id\":\"https:\/\/www.gino-caron.com\/photoblog\/#\/schema\/logo\/image\/\",\"url\":\"https:\/\/www.gino-caron.com\/photoblog\/wp-content\/uploads\/2024\/08\/sign_v3.png\",\"contentUrl\":\"https:\/\/www.gino-caron.com\/photoblog\/wp-content\/uploads\/2024\/08\/sign_v3.png\",\"width\":584,\"height\":442,\"caption\":\"Gino Caron Photographe\"},\"image\":{\"@id\":\"https:\/\/www.gino-caron.com\/photoblog\/#\/schema\/logo\/image\/\"},\"sameAs\":[\"https:\/\/www.facebook.com\/Gino.Caron.Photo\",\"https:\/\/x.com\/GinoCaron\",\"https:\/\/www.instagram.com\/ginocaron\/\"]},{\"@type\":\"Person\",\"@id\":\"https:\/\/www.gino-caron.com\/photoblog\/#\/schema\/person\/137be5191e5940072a048b33b4c3b9e9\",\"name\":\"Gino Caron\",\"image\":{\"@type\":\"ImageObject\",\"inLanguage\":\"fr-FR\",\"@id\":\"https:\/\/www.gino-caron.com\/photoblog\/#\/schema\/person\/image\/\",\"url\":\"https:\/\/secure.gravatar.com\/avatar\/d4e0e08b17e64347b8c7208bf8b2a22f37b2d9fa9ef9d4024b2d96c4fd9ef77b?s=96&d=mm&r=g\",\"contentUrl\":\"https:\/\/secure.gravatar.com\/avatar\/d4e0e08b17e64347b8c7208bf8b2a22f37b2d9fa9ef9d4024b2d96c4fd9ef77b?s=96&d=mm&r=g\",\"caption\":\"Gino Caron\"},\"sameAs\":[\"http:\/\/www.gino-caron.com\"],\"url\":\"https:\/\/www.gino-caron.com\/photoblog\/author\/electro76\/\"}]}<\/script>\n<!-- \/ Yoast SEO plugin. -->","yoast_head_json":{"title":"Le Mont-Comi en automne - Gino Caron Photographe","robots":{"index":"index","follow":"follow","max-snippet":"max-snippet:-1","max-image-preview":"max-image-preview:large","max-video-preview":"max-video-preview:-1"},"canonical":"https:\/\/www.gino-caron.com\/photoblog\/le-mont-comi-en-automne\/","og_locale":"fr_FR","og_type":"article","og_title":"Le Mont-Comi en automne - Gino Caron Photographe","og_description":"Samuel de Champlain mentionne le mont en 1611 mais ne lui donne pas de nom. La montagne est d\u00e9sign\u00e9e sous le nom de mont Carmel par Frankelin en 1686, puis au XVIIIe si\u00e8cle les cartographes Bellin en 1753, Anville en 1755, Carver en 1776 le nomment mont Camille. Cette d\u00e9nomination est aussi utilis\u00e9e par D. [&hellip;]","og_url":"https:\/\/www.gino-caron.com\/photoblog\/le-mont-comi-en-automne\/","og_site_name":"Gino Caron Photographe","article_publisher":"https:\/\/www.facebook.com\/Gino.Caron.Photo","article_published_time":"2021-09-26T13:06:52+00:00","og_image":[{"width":1500,"height":687,"url":"https:\/\/www.gino-caron.com\/photoblog\/wp-content\/uploads\/2021\/09\/Group-0-PANO0001_PANO0026-27-images-copy.jpg","type":"image\/jpeg"}],"author":"Gino Caron","twitter_card":"summary_large_image","twitter_creator":"@GinoCaron","twitter_site":"@GinoCaron","twitter_misc":{"\u00c9crit par":"Gino Caron","Dur\u00e9e de lecture estim\u00e9e":"1 minute"},"schema":{"@context":"https:\/\/schema.org","@graph":[{"@type":"Article","@id":"https:\/\/www.gino-caron.com\/photoblog\/le-mont-comi-en-automne\/#article","isPartOf":{"@id":"https:\/\/www.gino-caron.com\/photoblog\/le-mont-comi-en-automne\/"},"author":{"name":"Gino Caron","@id":"https:\/\/www.gino-caron.com\/photoblog\/#\/schema\/person\/137be5191e5940072a048b33b4c3b9e9"},"headline":"Le Mont-Comi en automne","datePublished":"2021-09-26T13:06:52+00:00","mainEntityOfPage":{"@id":"https:\/\/www.gino-caron.com\/photoblog\/le-mont-comi-en-automne\/"},"wordCount":211,"commentCount":0,"publisher":{"@id":"https:\/\/www.gino-caron.com\/photoblog\/#organization"},"image":{"@id":"https:\/\/www.gino-caron.com\/photoblog\/le-mont-comi-en-automne\/#primaryimage"},"thumbnailUrl":"https:\/\/www.gino-caron.com\/photoblog\/wp-content\/uploads\/2021\/09\/Group-0-PANO0001_PANO0026-27-images-copy.jpg","keywords":["couleurs","foret","montagne"],"articleSection":["A\u00e9rienne","Automne","Paysage","St-Donat"],"inLanguage":"fr-FR","potentialAction":[{"@type":"CommentAction","name":"Comment","target":["https:\/\/www.gino-caron.com\/photoblog\/le-mont-comi-en-automne\/#respond"]}]},{"@type":"WebPage","@id":"https:\/\/www.gino-caron.com\/photoblog\/le-mont-comi-en-automne\/","url":"https:\/\/www.gino-caron.com\/photoblog\/le-mont-comi-en-automne\/","name":"Le Mont-Comi en automne - Gino Caron Photographe","isPartOf":{"@id":"https:\/\/www.gino-caron.com\/photoblog\/#website"},"primaryImageOfPage":{"@id":"https:\/\/www.gino-caron.com\/photoblog\/le-mont-comi-en-automne\/#primaryimage"},"image":{"@id":"https:\/\/www.gino-caron.com\/photoblog\/le-mont-comi-en-automne\/#primaryimage"},"thumbnailUrl":"https:\/\/www.gino-caron.com\/photoblog\/wp-content\/uploads\/2021\/09\/Group-0-PANO0001_PANO0026-27-images-copy.jpg","datePublished":"2021-09-26T13:06:52+00:00","breadcrumb":{"@id":"https:\/\/www.gino-caron.com\/photoblog\/le-mont-comi-en-automne\/#breadcrumb"},"inLanguage":"fr-FR","potentialAction":[{"@type":"ReadAction","target":["https:\/\/www.gino-caron.com\/photoblog\/le-mont-comi-en-automne\/"]}]},{"@type":"ImageObject","inLanguage":"fr-FR","@id":"https:\/\/www.gino-caron.com\/photoblog\/le-mont-comi-en-automne\/#primaryimage","url":"https:\/\/www.gino-caron.com\/photoblog\/wp-content\/uploads\/2021\/09\/Group-0-PANO0001_PANO0026-27-images-copy.jpg","contentUrl":"https:\/\/www.gino-caron.com\/photoblog\/wp-content\/uploads\/2021\/09\/Group-0-PANO0001_PANO0026-27-images-copy.jpg","width":1500,"height":687},{"@type":"BreadcrumbList","@id":"https:\/\/www.gino-caron.com\/photoblog\/le-mont-comi-en-automne\/#breadcrumb","itemListElement":[{"@type":"ListItem","position":1,"name":"Accueil","item":"https:\/\/www.gino-caron.com\/photoblog\/"},{"@type":"ListItem","position":2,"name":"Le Mont-Comi en automne"}]},{"@type":"WebSite","@id":"https:\/\/www.gino-caron.com\/photoblog\/#website","url":"https:\/\/www.gino-caron.com\/photoblog\/","name":"Gino Caron Photographe","description":"Photographe professionnel de la r\u00e9gion de Rimouski - Mont-Joli. Photo a\u00e9rienne, immobili\u00e8re, paysage, mariage, impression photo, photo num\u00e9rique.","publisher":{"@id":"https:\/\/www.gino-caron.com\/photoblog\/#organization"},"potentialAction":[{"@type":"SearchAction","target":{"@type":"EntryPoint","urlTemplate":"https:\/\/www.gino-caron.com\/photoblog\/?s={search_term_string}"},"query-input":{"@type":"PropertyValueSpecification","valueRequired":true,"valueName":"search_term_string"}}],"inLanguage":"fr-FR"},{"@type":"Organization","@id":"https:\/\/www.gino-caron.com\/photoblog\/#organization","name":"Gino Caron Photographe","url":"https:\/\/www.gino-caron.com\/photoblog\/","logo":{"@type":"ImageObject","inLanguage":"fr-FR","@id":"https:\/\/www.gino-caron.com\/photoblog\/#\/schema\/logo\/image\/","url":"https:\/\/www.gino-caron.com\/photoblog\/wp-content\/uploads\/2024\/08\/sign_v3.png","contentUrl":"https:\/\/www.gino-caron.com\/photoblog\/wp-content\/uploads\/2024\/08\/sign_v3.png","width":584,"height":442,"caption":"Gino Caron Photographe"},"image":{"@id":"https:\/\/www.gino-caron.com\/photoblog\/#\/schema\/logo\/image\/"},"sameAs":["https:\/\/www.facebook.com\/Gino.Caron.Photo","https:\/\/x.com\/GinoCaron","https:\/\/www.instagram.com\/ginocaron\/"]},{"@type":"Person","@id":"https:\/\/www.gino-caron.com\/photoblog\/#\/schema\/person\/137be5191e5940072a048b33b4c3b9e9","name":"Gino Caron","image":{"@type":"ImageObject","inLanguage":"fr-FR","@id":"https:\/\/www.gino-caron.com\/photoblog\/#\/schema\/person\/image\/","url":"https:\/\/secure.gravatar.com\/avatar\/d4e0e08b17e64347b8c7208bf8b2a22f37b2d9fa9ef9d4024b2d96c4fd9ef77b?s=96&d=mm&r=g","contentUrl":"https:\/\/secure.gravatar.com\/avatar\/d4e0e08b17e64347b8c7208bf8b2a22f37b2d9fa9ef9d4024b2d96c4fd9ef77b?s=96&d=mm&r=g","caption":"Gino Caron"},"sameAs":["http:\/\/www.gino-caron.com"],"url":"https:\/\/www.gino-caron.com\/photoblog\/author\/electro76\/"}]}},"_links":{"self":[{"href":"https:\/\/www.gino-caron.com\/photoblog\/wp-json\/wp\/v2\/posts\/15874","targetHints":{"allow":["GET"]}}],"collection":[{"href":"https:\/\/www.gino-caron.com\/photoblog\/wp-json\/wp\/v2\/posts"}],"about":[{"href":"https:\/\/www.gino-caron.com\/photoblog\/wp-json\/wp\/v2\/types\/post"}],"author":[{"embeddable":true,"href":"https:\/\/www.gino-caron.com\/photoblog\/wp-json\/wp\/v2\/users\/3"}],"replies":[{"embeddable":true,"href":"https:\/\/www.gino-caron.com\/photoblog\/wp-json\/wp\/v2\/comments?post=15874"}],"version-history":[{"count":1,"href":"https:\/\/www.gino-caron.com\/photoblog\/wp-json\/wp\/v2\/posts\/15874\/revisions"}],"predecessor-version":[{"id":15876,"href":"https:\/\/www.gino-caron.com\/photoblog\/wp-json\/wp\/v2\/posts\/15874\/revisions\/15876"}],"wp:featuredmedia":[{"embeddable":true,"href":"https:\/\/www.gino-caron.com\/photoblog\/wp-json\/wp\/v2\/media\/15875"}],"wp:attachment":[{"href":"https:\/\/www.gino-caron.com\/photoblog\/wp-json\/wp\/v2\/media?parent=15874"}],"wp:term":[{"taxonomy":"category","embeddable":true,"href":"https:\/\/www.gino-caron.com\/photoblog\/wp-json\/wp\/v2\/categories?post=15874"},{"taxonomy":"post_tag","embeddable":true,"href":"https:\/\/www.gino-caron.com\/photoblog\/wp-json\/wp\/v2\/tags?post=15874"}],"curies":[{"name":"wp","href":"https:\/\/api.w.org\/{rel}","templated":true}]}}