{"id":15452,"date":"2020-08-29T19:10:32","date_gmt":"2020-08-29T23:10:32","guid":{"rendered":"http:\/\/ginocaro.mywhc.ca\/photo\/?p=15452"},"modified":"2023-11-29T16:50:37","modified_gmt":"2023-11-29T20:50:37","slug":"en-route-vers-perce","status":"publish","type":"post","link":"https:\/\/www.gino-caron.com\/photoblog\/en-route-vers-perce\/","title":{"rendered":"En route vers Perc\u00e9!"},"content":{"rendered":"<p>Le ruban d&rsquo;asphalte serpente \u00e0 travers l&rsquo;\u00e9meraude des for\u00eats, embrassant les courbes des collines qui se fondent dans l&rsquo;\u00e9treinte du Saint-Laurent. C&rsquo;est un chemin qui promet l&rsquo;aventure, menant vers l&rsquo;ic\u00f4ne naturelle de Perc\u00e9. Sous un ciel bleu pur, la route est une invitation \u00e0 parcourir cette terre riche d&rsquo;histoires, o\u00f9 chaque virage r\u00e9v\u00e8le un panorama plus splendide que le pr\u00e9c\u00e9dent.<\/p>\n<p>Dans ce paysage o\u00f9 le vert des arbres rencontre le bleu de l&rsquo;eau, l&rsquo;esprit voyageur est appel\u00e9 \u00e0 la d\u00e9couverte, laissant derri\u00e8re lui la vie quotidienne pour plonger dans la beaut\u00e9 grandiose du Qu\u00e9bec.<\/p>\n<p>Perc\u00e9, Gasp\u00e9sie, Qu\u00e9bec<\/p>\n","protected":false},"excerpt":{"rendered":"<p>Le ruban d&rsquo;asphalte serpente \u00e0 travers l&rsquo;\u00e9meraude des for\u00eats, embrassant les courbes des collines qui se fondent dans l&rsquo;\u00e9treinte du Saint-Laurent. C&rsquo;est un chemin qui promet l&rsquo;aventure, menant vers l&rsquo;ic\u00f4ne naturelle de Perc\u00e9. Sous un ciel bleu pur, la route est une invitation \u00e0 parcourir cette terre riche d&rsquo;histoires, o\u00f9 chaque virage r\u00e9v\u00e8le un panorama [&hellip;]<\/p>\n","protected":false},"author":3,"featured_media":15453,"comment_status":"open","ping_status":"open","sticky":false,"template":"","format":"standard","meta":{"footnotes":""},"categories":[735,16,35],"tags":[1068,536,971],"class_list":["post-15452","post","type-post","status-publish","format-standard","has-post-thumbnail","hentry","category-ete-4","category-paysage","category-perc","tag-gaspesie","tag-route","tag-vacances"],"yoast_head":"<!-- This site is optimized with the Yoast SEO plugin v26.9 - https:\/\/yoast.com\/product\/yoast-seo-wordpress\/ -->\n<title>En route vers Perc\u00e9! - Gino Caron Photographe<\/title>\n<meta name=\"robots\" content=\"index, follow, max-snippet:-1, max-image-preview:large, max-video-preview:-1\" \/>\n<link rel=\"canonical\" href=\"https:\/\/www.gino-caron.com\/photoblog\/en-route-vers-perce\/\" \/>\n<meta property=\"og:locale\" content=\"fr_FR\" \/>\n<meta property=\"og:type\" content=\"article\" \/>\n<meta property=\"og:title\" content=\"En route vers Perc\u00e9! - Gino Caron Photographe\" \/>\n<meta property=\"og:description\" content=\"Le ruban d&rsquo;asphalte serpente \u00e0 travers l&rsquo;\u00e9meraude des for\u00eats, embrassant les courbes des collines qui se fondent dans l&rsquo;\u00e9treinte du Saint-Laurent. C&rsquo;est un chemin qui promet l&rsquo;aventure, menant vers l&rsquo;ic\u00f4ne naturelle de Perc\u00e9. Sous un ciel bleu pur, la route est une invitation \u00e0 parcourir cette terre riche d&rsquo;histoires, o\u00f9 chaque virage r\u00e9v\u00e8le un panorama [&hellip;]\" \/>\n<meta property=\"og:url\" content=\"https:\/\/www.gino-caron.com\/photoblog\/en-route-vers-perce\/\" \/>\n<meta property=\"og:site_name\" content=\"Gino Caron Photographe\" \/>\n<meta property=\"article:publisher\" content=\"https:\/\/www.facebook.com\/Gino.Caron.Photo\" \/>\n<meta property=\"article:published_time\" content=\"2020-08-29T23:10:32+00:00\" \/>\n<meta property=\"article:modified_time\" content=\"2023-11-29T20:50:37+00:00\" \/>\n<meta property=\"og:image\" content=\"https:\/\/www.gino-caron.com\/photoblog\/wp-content\/uploads\/2020\/09\/DSC00158-Panorama-1-copy.jpg\" \/>\n\t<meta property=\"og:image:width\" content=\"1500\" \/>\n\t<meta property=\"og:image:height\" content=\"819\" \/>\n\t<meta property=\"og:image:type\" content=\"image\/jpeg\" \/>\n<meta name=\"author\" content=\"Gino Caron\" \/>\n<meta name=\"twitter:card\" content=\"summary_large_image\" \/>\n<meta name=\"twitter:creator\" content=\"@GinoCaron\" \/>\n<meta name=\"twitter:site\" content=\"@GinoCaron\" \/>\n<meta name=\"twitter:label1\" content=\"\u00c9crit par\" \/>\n\t<meta name=\"twitter:data1\" content=\"Gino Caron\" \/>\n\t<meta name=\"twitter:label2\" content=\"Dur\u00e9e de lecture estim\u00e9e\" \/>\n\t<meta name=\"twitter:data2\" content=\"1 minute\" \/>\n<script type=\"application\/ld+json\" class=\"yoast-schema-graph\">{\"@context\":\"https:\/\/schema.org\",\"@graph\":[{\"@type\":\"Article\",\"@id\":\"https:\/\/www.gino-caron.com\/photoblog\/en-route-vers-perce\/#article\",\"isPartOf\":{\"@id\":\"https:\/\/www.gino-caron.com\/photoblog\/en-route-vers-perce\/\"},\"author\":{\"name\":\"Gino Caron\",\"@id\":\"https:\/\/www.gino-caron.com\/photoblog\/#\/schema\/person\/137be5191e5940072a048b33b4c3b9e9\"},\"headline\":\"En route vers Perc\u00e9!\",\"datePublished\":\"2020-08-29T23:10:32+00:00\",\"dateModified\":\"2023-11-29T20:50:37+00:00\",\"mainEntityOfPage\":{\"@id\":\"https:\/\/www.gino-caron.com\/photoblog\/en-route-vers-perce\/\"},\"wordCount\":111,\"commentCount\":0,\"publisher\":{\"@id\":\"https:\/\/www.gino-caron.com\/photoblog\/#organization\"},\"image\":{\"@id\":\"https:\/\/www.gino-caron.com\/photoblog\/en-route-vers-perce\/#primaryimage\"},\"thumbnailUrl\":\"https:\/\/www.gino-caron.com\/photoblog\/wp-content\/uploads\/2020\/09\/DSC00158-Panorama-1-copy.jpg\",\"keywords\":[\"gasp\u00e9sie\",\"route\",\"vacances\"],\"articleSection\":[\"\u00c9t\u00e9\",\"Paysage\",\"Perc\u00e9\"],\"inLanguage\":\"fr-FR\",\"potentialAction\":[{\"@type\":\"CommentAction\",\"name\":\"Comment\",\"target\":[\"https:\/\/www.gino-caron.com\/photoblog\/en-route-vers-perce\/#respond\"]}]},{\"@type\":\"WebPage\",\"@id\":\"https:\/\/www.gino-caron.com\/photoblog\/en-route-vers-perce\/\",\"url\":\"https:\/\/www.gino-caron.com\/photoblog\/en-route-vers-perce\/\",\"name\":\"En route vers Perc\u00e9! - Gino Caron Photographe\",\"isPartOf\":{\"@id\":\"https:\/\/www.gino-caron.com\/photoblog\/#website\"},\"primaryImageOfPage\":{\"@id\":\"https:\/\/www.gino-caron.com\/photoblog\/en-route-vers-perce\/#primaryimage\"},\"image\":{\"@id\":\"https:\/\/www.gino-caron.com\/photoblog\/en-route-vers-perce\/#primaryimage\"},\"thumbnailUrl\":\"https:\/\/www.gino-caron.com\/photoblog\/wp-content\/uploads\/2020\/09\/DSC00158-Panorama-1-copy.jpg\",\"datePublished\":\"2020-08-29T23:10:32+00:00\",\"dateModified\":\"2023-11-29T20:50:37+00:00\",\"breadcrumb\":{\"@id\":\"https:\/\/www.gino-caron.com\/photoblog\/en-route-vers-perce\/#breadcrumb\"},\"inLanguage\":\"fr-FR\",\"potentialAction\":[{\"@type\":\"ReadAction\",\"target\":[\"https:\/\/www.gino-caron.com\/photoblog\/en-route-vers-perce\/\"]}]},{\"@type\":\"ImageObject\",\"inLanguage\":\"fr-FR\",\"@id\":\"https:\/\/www.gino-caron.com\/photoblog\/en-route-vers-perce\/#primaryimage\",\"url\":\"https:\/\/www.gino-caron.com\/photoblog\/wp-content\/uploads\/2020\/09\/DSC00158-Panorama-1-copy.jpg\",\"contentUrl\":\"https:\/\/www.gino-caron.com\/photoblog\/wp-content\/uploads\/2020\/09\/DSC00158-Panorama-1-copy.jpg\",\"width\":1500,\"height\":819},{\"@type\":\"BreadcrumbList\",\"@id\":\"https:\/\/www.gino-caron.com\/photoblog\/en-route-vers-perce\/#breadcrumb\",\"itemListElement\":[{\"@type\":\"ListItem\",\"position\":1,\"name\":\"Accueil\",\"item\":\"https:\/\/www.gino-caron.com\/photoblog\/\"},{\"@type\":\"ListItem\",\"position\":2,\"name\":\"En route vers Perc\u00e9!\"}]},{\"@type\":\"WebSite\",\"@id\":\"https:\/\/www.gino-caron.com\/photoblog\/#website\",\"url\":\"https:\/\/www.gino-caron.com\/photoblog\/\",\"name\":\"Gino Caron Photographe\",\"description\":\"Photographe professionnel de la r\u00e9gion de Rimouski - Mont-Joli. Photo a\u00e9rienne, immobili\u00e8re, paysage, mariage, impression photo, photo num\u00e9rique.\",\"publisher\":{\"@id\":\"https:\/\/www.gino-caron.com\/photoblog\/#organization\"},\"potentialAction\":[{\"@type\":\"SearchAction\",\"target\":{\"@type\":\"EntryPoint\",\"urlTemplate\":\"https:\/\/www.gino-caron.com\/photoblog\/?s={search_term_string}\"},\"query-input\":{\"@type\":\"PropertyValueSpecification\",\"valueRequired\":true,\"valueName\":\"search_term_string\"}}],\"inLanguage\":\"fr-FR\"},{\"@type\":\"Organization\",\"@id\":\"https:\/\/www.gino-caron.com\/photoblog\/#organization\",\"name\":\"Gino Caron Photographe\",\"url\":\"https:\/\/www.gino-caron.com\/photoblog\/\",\"logo\":{\"@type\":\"ImageObject\",\"inLanguage\":\"fr-FR\",\"@id\":\"https:\/\/www.gino-caron.com\/photoblog\/#\/schema\/logo\/image\/\",\"url\":\"https:\/\/www.gino-caron.com\/photoblog\/wp-content\/uploads\/2024\/08\/sign_v3.png\",\"contentUrl\":\"https:\/\/www.gino-caron.com\/photoblog\/wp-content\/uploads\/2024\/08\/sign_v3.png\",\"width\":584,\"height\":442,\"caption\":\"Gino Caron Photographe\"},\"image\":{\"@id\":\"https:\/\/www.gino-caron.com\/photoblog\/#\/schema\/logo\/image\/\"},\"sameAs\":[\"https:\/\/www.facebook.com\/Gino.Caron.Photo\",\"https:\/\/x.com\/GinoCaron\",\"https:\/\/www.instagram.com\/ginocaron\/\"]},{\"@type\":\"Person\",\"@id\":\"https:\/\/www.gino-caron.com\/photoblog\/#\/schema\/person\/137be5191e5940072a048b33b4c3b9e9\",\"name\":\"Gino Caron\",\"image\":{\"@type\":\"ImageObject\",\"inLanguage\":\"fr-FR\",\"@id\":\"https:\/\/www.gino-caron.com\/photoblog\/#\/schema\/person\/image\/\",\"url\":\"https:\/\/secure.gravatar.com\/avatar\/d4e0e08b17e64347b8c7208bf8b2a22f37b2d9fa9ef9d4024b2d96c4fd9ef77b?s=96&d=mm&r=g\",\"contentUrl\":\"https:\/\/secure.gravatar.com\/avatar\/d4e0e08b17e64347b8c7208bf8b2a22f37b2d9fa9ef9d4024b2d96c4fd9ef77b?s=96&d=mm&r=g\",\"caption\":\"Gino Caron\"},\"sameAs\":[\"http:\/\/www.gino-caron.com\"],\"url\":\"https:\/\/www.gino-caron.com\/photoblog\/author\/electro76\/\"}]}<\/script>\n<!-- \/ Yoast SEO plugin. -->","yoast_head_json":{"title":"En route vers Perc\u00e9! - Gino Caron Photographe","robots":{"index":"index","follow":"follow","max-snippet":"max-snippet:-1","max-image-preview":"max-image-preview:large","max-video-preview":"max-video-preview:-1"},"canonical":"https:\/\/www.gino-caron.com\/photoblog\/en-route-vers-perce\/","og_locale":"fr_FR","og_type":"article","og_title":"En route vers Perc\u00e9! - Gino Caron Photographe","og_description":"Le ruban d&rsquo;asphalte serpente \u00e0 travers l&rsquo;\u00e9meraude des for\u00eats, embrassant les courbes des collines qui se fondent dans l&rsquo;\u00e9treinte du Saint-Laurent. C&rsquo;est un chemin qui promet l&rsquo;aventure, menant vers l&rsquo;ic\u00f4ne naturelle de Perc\u00e9. Sous un ciel bleu pur, la route est une invitation \u00e0 parcourir cette terre riche d&rsquo;histoires, o\u00f9 chaque virage r\u00e9v\u00e8le un panorama [&hellip;]","og_url":"https:\/\/www.gino-caron.com\/photoblog\/en-route-vers-perce\/","og_site_name":"Gino Caron Photographe","article_publisher":"https:\/\/www.facebook.com\/Gino.Caron.Photo","article_published_time":"2020-08-29T23:10:32+00:00","article_modified_time":"2023-11-29T20:50:37+00:00","og_image":[{"width":1500,"height":819,"url":"https:\/\/www.gino-caron.com\/photoblog\/wp-content\/uploads\/2020\/09\/DSC00158-Panorama-1-copy.jpg","type":"image\/jpeg"}],"author":"Gino Caron","twitter_card":"summary_large_image","twitter_creator":"@GinoCaron","twitter_site":"@GinoCaron","twitter_misc":{"\u00c9crit par":"Gino Caron","Dur\u00e9e de lecture estim\u00e9e":"1 minute"},"schema":{"@context":"https:\/\/schema.org","@graph":[{"@type":"Article","@id":"https:\/\/www.gino-caron.com\/photoblog\/en-route-vers-perce\/#article","isPartOf":{"@id":"https:\/\/www.gino-caron.com\/photoblog\/en-route-vers-perce\/"},"author":{"name":"Gino Caron","@id":"https:\/\/www.gino-caron.com\/photoblog\/#\/schema\/person\/137be5191e5940072a048b33b4c3b9e9"},"headline":"En route vers Perc\u00e9!","datePublished":"2020-08-29T23:10:32+00:00","dateModified":"2023-11-29T20:50:37+00:00","mainEntityOfPage":{"@id":"https:\/\/www.gino-caron.com\/photoblog\/en-route-vers-perce\/"},"wordCount":111,"commentCount":0,"publisher":{"@id":"https:\/\/www.gino-caron.com\/photoblog\/#organization"},"image":{"@id":"https:\/\/www.gino-caron.com\/photoblog\/en-route-vers-perce\/#primaryimage"},"thumbnailUrl":"https:\/\/www.gino-caron.com\/photoblog\/wp-content\/uploads\/2020\/09\/DSC00158-Panorama-1-copy.jpg","keywords":["gasp\u00e9sie","route","vacances"],"articleSection":["\u00c9t\u00e9","Paysage","Perc\u00e9"],"inLanguage":"fr-FR","potentialAction":[{"@type":"CommentAction","name":"Comment","target":["https:\/\/www.gino-caron.com\/photoblog\/en-route-vers-perce\/#respond"]}]},{"@type":"WebPage","@id":"https:\/\/www.gino-caron.com\/photoblog\/en-route-vers-perce\/","url":"https:\/\/www.gino-caron.com\/photoblog\/en-route-vers-perce\/","name":"En route vers Perc\u00e9! - Gino Caron Photographe","isPartOf":{"@id":"https:\/\/www.gino-caron.com\/photoblog\/#website"},"primaryImageOfPage":{"@id":"https:\/\/www.gino-caron.com\/photoblog\/en-route-vers-perce\/#primaryimage"},"image":{"@id":"https:\/\/www.gino-caron.com\/photoblog\/en-route-vers-perce\/#primaryimage"},"thumbnailUrl":"https:\/\/www.gino-caron.com\/photoblog\/wp-content\/uploads\/2020\/09\/DSC00158-Panorama-1-copy.jpg","datePublished":"2020-08-29T23:10:32+00:00","dateModified":"2023-11-29T20:50:37+00:00","breadcrumb":{"@id":"https:\/\/www.gino-caron.com\/photoblog\/en-route-vers-perce\/#breadcrumb"},"inLanguage":"fr-FR","potentialAction":[{"@type":"ReadAction","target":["https:\/\/www.gino-caron.com\/photoblog\/en-route-vers-perce\/"]}]},{"@type":"ImageObject","inLanguage":"fr-FR","@id":"https:\/\/www.gino-caron.com\/photoblog\/en-route-vers-perce\/#primaryimage","url":"https:\/\/www.gino-caron.com\/photoblog\/wp-content\/uploads\/2020\/09\/DSC00158-Panorama-1-copy.jpg","contentUrl":"https:\/\/www.gino-caron.com\/photoblog\/wp-content\/uploads\/2020\/09\/DSC00158-Panorama-1-copy.jpg","width":1500,"height":819},{"@type":"BreadcrumbList","@id":"https:\/\/www.gino-caron.com\/photoblog\/en-route-vers-perce\/#breadcrumb","itemListElement":[{"@type":"ListItem","position":1,"name":"Accueil","item":"https:\/\/www.gino-caron.com\/photoblog\/"},{"@type":"ListItem","position":2,"name":"En route vers Perc\u00e9!"}]},{"@type":"WebSite","@id":"https:\/\/www.gino-caron.com\/photoblog\/#website","url":"https:\/\/www.gino-caron.com\/photoblog\/","name":"Gino Caron Photographe","description":"Photographe professionnel de la r\u00e9gion de Rimouski - Mont-Joli. Photo a\u00e9rienne, immobili\u00e8re, paysage, mariage, impression photo, photo num\u00e9rique.","publisher":{"@id":"https:\/\/www.gino-caron.com\/photoblog\/#organization"},"potentialAction":[{"@type":"SearchAction","target":{"@type":"EntryPoint","urlTemplate":"https:\/\/www.gino-caron.com\/photoblog\/?s={search_term_string}"},"query-input":{"@type":"PropertyValueSpecification","valueRequired":true,"valueName":"search_term_string"}}],"inLanguage":"fr-FR"},{"@type":"Organization","@id":"https:\/\/www.gino-caron.com\/photoblog\/#organization","name":"Gino Caron Photographe","url":"https:\/\/www.gino-caron.com\/photoblog\/","logo":{"@type":"ImageObject","inLanguage":"fr-FR","@id":"https:\/\/www.gino-caron.com\/photoblog\/#\/schema\/logo\/image\/","url":"https:\/\/www.gino-caron.com\/photoblog\/wp-content\/uploads\/2024\/08\/sign_v3.png","contentUrl":"https:\/\/www.gino-caron.com\/photoblog\/wp-content\/uploads\/2024\/08\/sign_v3.png","width":584,"height":442,"caption":"Gino Caron Photographe"},"image":{"@id":"https:\/\/www.gino-caron.com\/photoblog\/#\/schema\/logo\/image\/"},"sameAs":["https:\/\/www.facebook.com\/Gino.Caron.Photo","https:\/\/x.com\/GinoCaron","https:\/\/www.instagram.com\/ginocaron\/"]},{"@type":"Person","@id":"https:\/\/www.gino-caron.com\/photoblog\/#\/schema\/person\/137be5191e5940072a048b33b4c3b9e9","name":"Gino Caron","image":{"@type":"ImageObject","inLanguage":"fr-FR","@id":"https:\/\/www.gino-caron.com\/photoblog\/#\/schema\/person\/image\/","url":"https:\/\/secure.gravatar.com\/avatar\/d4e0e08b17e64347b8c7208bf8b2a22f37b2d9fa9ef9d4024b2d96c4fd9ef77b?s=96&d=mm&r=g","contentUrl":"https:\/\/secure.gravatar.com\/avatar\/d4e0e08b17e64347b8c7208bf8b2a22f37b2d9fa9ef9d4024b2d96c4fd9ef77b?s=96&d=mm&r=g","caption":"Gino Caron"},"sameAs":["http:\/\/www.gino-caron.com"],"url":"https:\/\/www.gino-caron.com\/photoblog\/author\/electro76\/"}]}},"_links":{"self":[{"href":"https:\/\/www.gino-caron.com\/photoblog\/wp-json\/wp\/v2\/posts\/15452","targetHints":{"allow":["GET"]}}],"collection":[{"href":"https:\/\/www.gino-caron.com\/photoblog\/wp-json\/wp\/v2\/posts"}],"about":[{"href":"https:\/\/www.gino-caron.com\/photoblog\/wp-json\/wp\/v2\/types\/post"}],"author":[{"embeddable":true,"href":"https:\/\/www.gino-caron.com\/photoblog\/wp-json\/wp\/v2\/users\/3"}],"replies":[{"embeddable":true,"href":"https:\/\/www.gino-caron.com\/photoblog\/wp-json\/wp\/v2\/comments?post=15452"}],"version-history":[{"count":2,"href":"https:\/\/www.gino-caron.com\/photoblog\/wp-json\/wp\/v2\/posts\/15452\/revisions"}],"predecessor-version":[{"id":16592,"href":"https:\/\/www.gino-caron.com\/photoblog\/wp-json\/wp\/v2\/posts\/15452\/revisions\/16592"}],"wp:featuredmedia":[{"embeddable":true,"href":"https:\/\/www.gino-caron.com\/photoblog\/wp-json\/wp\/v2\/media\/15453"}],"wp:attachment":[{"href":"https:\/\/www.gino-caron.com\/photoblog\/wp-json\/wp\/v2\/media?parent=15452"}],"wp:term":[{"taxonomy":"category","embeddable":true,"href":"https:\/\/www.gino-caron.com\/photoblog\/wp-json\/wp\/v2\/categories?post=15452"},{"taxonomy":"post_tag","embeddable":true,"href":"https:\/\/www.gino-caron.com\/photoblog\/wp-json\/wp\/v2\/tags?post=15452"}],"curies":[{"name":"wp","href":"https:\/\/api.w.org\/{rel}","templated":true}]}}