{"id":13108,"date":"2017-03-05T20:04:02","date_gmt":"2017-03-06T00:04:02","guid":{"rendered":"http:\/\/ginocaro.mywhc.ca\/photo\/?p=13108"},"modified":"2017-03-13T20:24:55","modified_gmt":"2017-03-14T00:24:55","slug":"souvenir-dun-edifice-disparu","status":"publish","type":"post","link":"https:\/\/www.gino-caron.com\/photoblog\/souvenir-dun-edifice-disparu\/","title":{"rendered":"Souvenir d&rsquo;un \u00e9difice disparu"},"content":{"rendered":"<div class=\"wpps_container\" style=\"margin: 3px auto; width: 100%; max-width: 100%;\"><a href=\"https:\/\/www.gino-caron.com\/photoblog\/wp-content\/uploads\/2017\/03\/DCP_1197_DCP_1209-13-images-scaled.jpg?height=500px&amp;segments=100&amp;rings=100&amp;hide_link=1&amp;autoload=1&amp;anim_after=2000&amp;anim_speed=1rpm&amp;vertical_anim_speed=1rpm&amp;vertical_anim_target=0&amp;navbar=1&amp;overlay_img=&amp;overlay_position=bottom+left&amp;min_fov=30&amp;max_fov=90&amp;zoom_level=30&amp;long=0&amp;lat=0&amp;tilt_up_max=90&amp;tilt_down_max=90&amp;min_long=0&amp;max_long=360&amp;reverse_anim=1&amp;xmp=1&amp;smooth_user_moves=1&amp;scroll_to_zoom=1&amp;zoom_speed=1&amp;eyes_offset=5&amp;full_width=default&amp;full_height=default&amp;cropped_width=default&amp;cropped_height=default&amp;cropped_x=default&amp;cropped_y=default&amp;horizontal_fov=360&amp;vertical_fov=180\" style=\"display: block; padding: 2px; background-color: #3D3D3D; color: #FFFFFF;\">Panorama  (Cliquer pour le visualiser - Souvenir d&rsquo;un b\u00e2timent disparu)<\/a><div style=\"position: relative; box-sizing: content-box;\"><\/div><\/div>\n<p>Padoue, Bas-St-Laurent, Qu\u00e9bec<\/p>\n","protected":false},"excerpt":{"rendered":"<p>Padoue, Bas-St-Laurent, Qu\u00e9bec<\/p>\n","protected":false},"author":3,"featured_media":13109,"comment_status":"open","ping_status":"open","sticky":false,"template":"","format":"standard","meta":{"footnotes":""},"categories":[27,30,16],"tags":[132,305,624],"class_list":["post-13108","post","type-post","status-publish","format-standard","has-post-thumbnail","hentry","category-hiver","category-padoue","category-paysage","tag-campagne","tag-hiver-2","tag-village"],"yoast_head":"<!-- This site is optimized with the Yoast SEO plugin v26.9 - https:\/\/yoast.com\/product\/yoast-seo-wordpress\/ -->\n<title>Souvenir d&#039;un \u00e9difice disparu - Gino Caron Photographe<\/title>\n<meta name=\"robots\" content=\"index, follow, max-snippet:-1, max-image-preview:large, max-video-preview:-1\" \/>\n<link rel=\"canonical\" href=\"https:\/\/www.gino-caron.com\/photoblog\/souvenir-dun-edifice-disparu\/\" \/>\n<meta property=\"og:locale\" content=\"fr_FR\" \/>\n<meta property=\"og:type\" content=\"article\" \/>\n<meta property=\"og:title\" content=\"Souvenir d&#039;un \u00e9difice disparu - Gino Caron Photographe\" \/>\n<meta property=\"og:description\" content=\"Padoue, Bas-St-Laurent, Qu\u00e9bec\" \/>\n<meta property=\"og:url\" content=\"https:\/\/www.gino-caron.com\/photoblog\/souvenir-dun-edifice-disparu\/\" \/>\n<meta property=\"og:site_name\" content=\"Gino Caron Photographe\" \/>\n<meta property=\"article:publisher\" content=\"https:\/\/www.facebook.com\/Gino.Caron.Photo\" \/>\n<meta property=\"article:published_time\" content=\"2017-03-06T00:04:02+00:00\" \/>\n<meta property=\"article:modified_time\" content=\"2017-03-14T00:24:55+00:00\" \/>\n<meta property=\"og:image\" content=\"https:\/\/www.gino-caron.com\/photoblog\/wp-content\/uploads\/2017\/03\/DCP_1197_DCP_1209-13-images-scaled.jpg\" \/>\n\t<meta property=\"og:image:width\" content=\"2560\" \/>\n\t<meta property=\"og:image:height\" content=\"362\" \/>\n\t<meta property=\"og:image:type\" content=\"image\/jpeg\" \/>\n<meta name=\"author\" content=\"Gino Caron\" \/>\n<meta name=\"twitter:card\" content=\"summary_large_image\" \/>\n<meta name=\"twitter:creator\" content=\"@GinoCaron\" \/>\n<meta name=\"twitter:site\" content=\"@GinoCaron\" \/>\n<meta name=\"twitter:label1\" content=\"\u00c9crit par\" \/>\n\t<meta name=\"twitter:data1\" content=\"Gino Caron\" \/>\n<script type=\"application\/ld+json\" class=\"yoast-schema-graph\">{\"@context\":\"https:\/\/schema.org\",\"@graph\":[{\"@type\":\"Article\",\"@id\":\"https:\/\/www.gino-caron.com\/photoblog\/souvenir-dun-edifice-disparu\/#article\",\"isPartOf\":{\"@id\":\"https:\/\/www.gino-caron.com\/photoblog\/souvenir-dun-edifice-disparu\/\"},\"author\":{\"name\":\"Gino Caron\",\"@id\":\"https:\/\/www.gino-caron.com\/photoblog\/#\/schema\/person\/137be5191e5940072a048b33b4c3b9e9\"},\"headline\":\"Souvenir d&rsquo;un \u00e9difice disparu\",\"datePublished\":\"2017-03-06T00:04:02+00:00\",\"dateModified\":\"2017-03-14T00:24:55+00:00\",\"mainEntityOfPage\":{\"@id\":\"https:\/\/www.gino-caron.com\/photoblog\/souvenir-dun-edifice-disparu\/\"},\"wordCount\":9,\"commentCount\":2,\"publisher\":{\"@id\":\"https:\/\/www.gino-caron.com\/photoblog\/#organization\"},\"image\":{\"@id\":\"https:\/\/www.gino-caron.com\/photoblog\/souvenir-dun-edifice-disparu\/#primaryimage\"},\"thumbnailUrl\":\"https:\/\/www.gino-caron.com\/photoblog\/wp-content\/uploads\/2017\/03\/DCP_1197_DCP_1209-13-images-scaled.jpg\",\"keywords\":[\"campagne\",\"hiver\",\"village\"],\"articleSection\":[\"Hiver\",\"Padoue\",\"Paysage\"],\"inLanguage\":\"fr-FR\",\"potentialAction\":[{\"@type\":\"CommentAction\",\"name\":\"Comment\",\"target\":[\"https:\/\/www.gino-caron.com\/photoblog\/souvenir-dun-edifice-disparu\/#respond\"]}]},{\"@type\":\"WebPage\",\"@id\":\"https:\/\/www.gino-caron.com\/photoblog\/souvenir-dun-edifice-disparu\/\",\"url\":\"https:\/\/www.gino-caron.com\/photoblog\/souvenir-dun-edifice-disparu\/\",\"name\":\"Souvenir d'un \u00e9difice disparu - Gino Caron Photographe\",\"isPartOf\":{\"@id\":\"https:\/\/www.gino-caron.com\/photoblog\/#website\"},\"primaryImageOfPage\":{\"@id\":\"https:\/\/www.gino-caron.com\/photoblog\/souvenir-dun-edifice-disparu\/#primaryimage\"},\"image\":{\"@id\":\"https:\/\/www.gino-caron.com\/photoblog\/souvenir-dun-edifice-disparu\/#primaryimage\"},\"thumbnailUrl\":\"https:\/\/www.gino-caron.com\/photoblog\/wp-content\/uploads\/2017\/03\/DCP_1197_DCP_1209-13-images-scaled.jpg\",\"datePublished\":\"2017-03-06T00:04:02+00:00\",\"dateModified\":\"2017-03-14T00:24:55+00:00\",\"breadcrumb\":{\"@id\":\"https:\/\/www.gino-caron.com\/photoblog\/souvenir-dun-edifice-disparu\/#breadcrumb\"},\"inLanguage\":\"fr-FR\",\"potentialAction\":[{\"@type\":\"ReadAction\",\"target\":[\"https:\/\/www.gino-caron.com\/photoblog\/souvenir-dun-edifice-disparu\/\"]}]},{\"@type\":\"ImageObject\",\"inLanguage\":\"fr-FR\",\"@id\":\"https:\/\/www.gino-caron.com\/photoblog\/souvenir-dun-edifice-disparu\/#primaryimage\",\"url\":\"https:\/\/www.gino-caron.com\/photoblog\/wp-content\/uploads\/2017\/03\/DCP_1197_DCP_1209-13-images-scaled.jpg\",\"contentUrl\":\"https:\/\/www.gino-caron.com\/photoblog\/wp-content\/uploads\/2017\/03\/DCP_1197_DCP_1209-13-images-scaled.jpg\",\"width\":2560,\"height\":362},{\"@type\":\"BreadcrumbList\",\"@id\":\"https:\/\/www.gino-caron.com\/photoblog\/souvenir-dun-edifice-disparu\/#breadcrumb\",\"itemListElement\":[{\"@type\":\"ListItem\",\"position\":1,\"name\":\"Accueil\",\"item\":\"https:\/\/www.gino-caron.com\/photoblog\/\"},{\"@type\":\"ListItem\",\"position\":2,\"name\":\"Souvenir d&rsquo;un \u00e9difice disparu\"}]},{\"@type\":\"WebSite\",\"@id\":\"https:\/\/www.gino-caron.com\/photoblog\/#website\",\"url\":\"https:\/\/www.gino-caron.com\/photoblog\/\",\"name\":\"Gino Caron Photographe\",\"description\":\"Photographe professionnel de la r\u00e9gion de Rimouski - Mont-Joli. Photo a\u00e9rienne, immobili\u00e8re, paysage, mariage, impression photo, photo num\u00e9rique.\",\"publisher\":{\"@id\":\"https:\/\/www.gino-caron.com\/photoblog\/#organization\"},\"potentialAction\":[{\"@type\":\"SearchAction\",\"target\":{\"@type\":\"EntryPoint\",\"urlTemplate\":\"https:\/\/www.gino-caron.com\/photoblog\/?s={search_term_string}\"},\"query-input\":{\"@type\":\"PropertyValueSpecification\",\"valueRequired\":true,\"valueName\":\"search_term_string\"}}],\"inLanguage\":\"fr-FR\"},{\"@type\":\"Organization\",\"@id\":\"https:\/\/www.gino-caron.com\/photoblog\/#organization\",\"name\":\"Gino Caron Photographe\",\"url\":\"https:\/\/www.gino-caron.com\/photoblog\/\",\"logo\":{\"@type\":\"ImageObject\",\"inLanguage\":\"fr-FR\",\"@id\":\"https:\/\/www.gino-caron.com\/photoblog\/#\/schema\/logo\/image\/\",\"url\":\"https:\/\/www.gino-caron.com\/photoblog\/wp-content\/uploads\/2024\/08\/sign_v3.png\",\"contentUrl\":\"https:\/\/www.gino-caron.com\/photoblog\/wp-content\/uploads\/2024\/08\/sign_v3.png\",\"width\":584,\"height\":442,\"caption\":\"Gino Caron Photographe\"},\"image\":{\"@id\":\"https:\/\/www.gino-caron.com\/photoblog\/#\/schema\/logo\/image\/\"},\"sameAs\":[\"https:\/\/www.facebook.com\/Gino.Caron.Photo\",\"https:\/\/x.com\/GinoCaron\",\"https:\/\/www.instagram.com\/ginocaron\/\"]},{\"@type\":\"Person\",\"@id\":\"https:\/\/www.gino-caron.com\/photoblog\/#\/schema\/person\/137be5191e5940072a048b33b4c3b9e9\",\"name\":\"Gino Caron\",\"image\":{\"@type\":\"ImageObject\",\"inLanguage\":\"fr-FR\",\"@id\":\"https:\/\/www.gino-caron.com\/photoblog\/#\/schema\/person\/image\/\",\"url\":\"https:\/\/secure.gravatar.com\/avatar\/d4e0e08b17e64347b8c7208bf8b2a22f37b2d9fa9ef9d4024b2d96c4fd9ef77b?s=96&d=mm&r=g\",\"contentUrl\":\"https:\/\/secure.gravatar.com\/avatar\/d4e0e08b17e64347b8c7208bf8b2a22f37b2d9fa9ef9d4024b2d96c4fd9ef77b?s=96&d=mm&r=g\",\"caption\":\"Gino Caron\"},\"sameAs\":[\"http:\/\/www.gino-caron.com\"],\"url\":\"https:\/\/www.gino-caron.com\/photoblog\/author\/electro76\/\"}]}<\/script>\n<!-- \/ Yoast SEO plugin. -->","yoast_head_json":{"title":"Souvenir d'un \u00e9difice disparu - Gino Caron Photographe","robots":{"index":"index","follow":"follow","max-snippet":"max-snippet:-1","max-image-preview":"max-image-preview:large","max-video-preview":"max-video-preview:-1"},"canonical":"https:\/\/www.gino-caron.com\/photoblog\/souvenir-dun-edifice-disparu\/","og_locale":"fr_FR","og_type":"article","og_title":"Souvenir d'un \u00e9difice disparu - Gino Caron Photographe","og_description":"Padoue, Bas-St-Laurent, Qu\u00e9bec","og_url":"https:\/\/www.gino-caron.com\/photoblog\/souvenir-dun-edifice-disparu\/","og_site_name":"Gino Caron Photographe","article_publisher":"https:\/\/www.facebook.com\/Gino.Caron.Photo","article_published_time":"2017-03-06T00:04:02+00:00","article_modified_time":"2017-03-14T00:24:55+00:00","og_image":[{"width":2560,"height":362,"url":"https:\/\/www.gino-caron.com\/photoblog\/wp-content\/uploads\/2017\/03\/DCP_1197_DCP_1209-13-images-scaled.jpg","type":"image\/jpeg"}],"author":"Gino Caron","twitter_card":"summary_large_image","twitter_creator":"@GinoCaron","twitter_site":"@GinoCaron","twitter_misc":{"\u00c9crit par":"Gino Caron"},"schema":{"@context":"https:\/\/schema.org","@graph":[{"@type":"Article","@id":"https:\/\/www.gino-caron.com\/photoblog\/souvenir-dun-edifice-disparu\/#article","isPartOf":{"@id":"https:\/\/www.gino-caron.com\/photoblog\/souvenir-dun-edifice-disparu\/"},"author":{"name":"Gino Caron","@id":"https:\/\/www.gino-caron.com\/photoblog\/#\/schema\/person\/137be5191e5940072a048b33b4c3b9e9"},"headline":"Souvenir d&rsquo;un \u00e9difice disparu","datePublished":"2017-03-06T00:04:02+00:00","dateModified":"2017-03-14T00:24:55+00:00","mainEntityOfPage":{"@id":"https:\/\/www.gino-caron.com\/photoblog\/souvenir-dun-edifice-disparu\/"},"wordCount":9,"commentCount":2,"publisher":{"@id":"https:\/\/www.gino-caron.com\/photoblog\/#organization"},"image":{"@id":"https:\/\/www.gino-caron.com\/photoblog\/souvenir-dun-edifice-disparu\/#primaryimage"},"thumbnailUrl":"https:\/\/www.gino-caron.com\/photoblog\/wp-content\/uploads\/2017\/03\/DCP_1197_DCP_1209-13-images-scaled.jpg","keywords":["campagne","hiver","village"],"articleSection":["Hiver","Padoue","Paysage"],"inLanguage":"fr-FR","potentialAction":[{"@type":"CommentAction","name":"Comment","target":["https:\/\/www.gino-caron.com\/photoblog\/souvenir-dun-edifice-disparu\/#respond"]}]},{"@type":"WebPage","@id":"https:\/\/www.gino-caron.com\/photoblog\/souvenir-dun-edifice-disparu\/","url":"https:\/\/www.gino-caron.com\/photoblog\/souvenir-dun-edifice-disparu\/","name":"Souvenir d'un \u00e9difice disparu - Gino Caron Photographe","isPartOf":{"@id":"https:\/\/www.gino-caron.com\/photoblog\/#website"},"primaryImageOfPage":{"@id":"https:\/\/www.gino-caron.com\/photoblog\/souvenir-dun-edifice-disparu\/#primaryimage"},"image":{"@id":"https:\/\/www.gino-caron.com\/photoblog\/souvenir-dun-edifice-disparu\/#primaryimage"},"thumbnailUrl":"https:\/\/www.gino-caron.com\/photoblog\/wp-content\/uploads\/2017\/03\/DCP_1197_DCP_1209-13-images-scaled.jpg","datePublished":"2017-03-06T00:04:02+00:00","dateModified":"2017-03-14T00:24:55+00:00","breadcrumb":{"@id":"https:\/\/www.gino-caron.com\/photoblog\/souvenir-dun-edifice-disparu\/#breadcrumb"},"inLanguage":"fr-FR","potentialAction":[{"@type":"ReadAction","target":["https:\/\/www.gino-caron.com\/photoblog\/souvenir-dun-edifice-disparu\/"]}]},{"@type":"ImageObject","inLanguage":"fr-FR","@id":"https:\/\/www.gino-caron.com\/photoblog\/souvenir-dun-edifice-disparu\/#primaryimage","url":"https:\/\/www.gino-caron.com\/photoblog\/wp-content\/uploads\/2017\/03\/DCP_1197_DCP_1209-13-images-scaled.jpg","contentUrl":"https:\/\/www.gino-caron.com\/photoblog\/wp-content\/uploads\/2017\/03\/DCP_1197_DCP_1209-13-images-scaled.jpg","width":2560,"height":362},{"@type":"BreadcrumbList","@id":"https:\/\/www.gino-caron.com\/photoblog\/souvenir-dun-edifice-disparu\/#breadcrumb","itemListElement":[{"@type":"ListItem","position":1,"name":"Accueil","item":"https:\/\/www.gino-caron.com\/photoblog\/"},{"@type":"ListItem","position":2,"name":"Souvenir d&rsquo;un \u00e9difice disparu"}]},{"@type":"WebSite","@id":"https:\/\/www.gino-caron.com\/photoblog\/#website","url":"https:\/\/www.gino-caron.com\/photoblog\/","name":"Gino Caron Photographe","description":"Photographe professionnel de la r\u00e9gion de Rimouski - Mont-Joli. Photo a\u00e9rienne, immobili\u00e8re, paysage, mariage, impression photo, photo num\u00e9rique.","publisher":{"@id":"https:\/\/www.gino-caron.com\/photoblog\/#organization"},"potentialAction":[{"@type":"SearchAction","target":{"@type":"EntryPoint","urlTemplate":"https:\/\/www.gino-caron.com\/photoblog\/?s={search_term_string}"},"query-input":{"@type":"PropertyValueSpecification","valueRequired":true,"valueName":"search_term_string"}}],"inLanguage":"fr-FR"},{"@type":"Organization","@id":"https:\/\/www.gino-caron.com\/photoblog\/#organization","name":"Gino Caron Photographe","url":"https:\/\/www.gino-caron.com\/photoblog\/","logo":{"@type":"ImageObject","inLanguage":"fr-FR","@id":"https:\/\/www.gino-caron.com\/photoblog\/#\/schema\/logo\/image\/","url":"https:\/\/www.gino-caron.com\/photoblog\/wp-content\/uploads\/2024\/08\/sign_v3.png","contentUrl":"https:\/\/www.gino-caron.com\/photoblog\/wp-content\/uploads\/2024\/08\/sign_v3.png","width":584,"height":442,"caption":"Gino Caron Photographe"},"image":{"@id":"https:\/\/www.gino-caron.com\/photoblog\/#\/schema\/logo\/image\/"},"sameAs":["https:\/\/www.facebook.com\/Gino.Caron.Photo","https:\/\/x.com\/GinoCaron","https:\/\/www.instagram.com\/ginocaron\/"]},{"@type":"Person","@id":"https:\/\/www.gino-caron.com\/photoblog\/#\/schema\/person\/137be5191e5940072a048b33b4c3b9e9","name":"Gino Caron","image":{"@type":"ImageObject","inLanguage":"fr-FR","@id":"https:\/\/www.gino-caron.com\/photoblog\/#\/schema\/person\/image\/","url":"https:\/\/secure.gravatar.com\/avatar\/d4e0e08b17e64347b8c7208bf8b2a22f37b2d9fa9ef9d4024b2d96c4fd9ef77b?s=96&d=mm&r=g","contentUrl":"https:\/\/secure.gravatar.com\/avatar\/d4e0e08b17e64347b8c7208bf8b2a22f37b2d9fa9ef9d4024b2d96c4fd9ef77b?s=96&d=mm&r=g","caption":"Gino Caron"},"sameAs":["http:\/\/www.gino-caron.com"],"url":"https:\/\/www.gino-caron.com\/photoblog\/author\/electro76\/"}]}},"_links":{"self":[{"href":"https:\/\/www.gino-caron.com\/photoblog\/wp-json\/wp\/v2\/posts\/13108","targetHints":{"allow":["GET"]}}],"collection":[{"href":"https:\/\/www.gino-caron.com\/photoblog\/wp-json\/wp\/v2\/posts"}],"about":[{"href":"https:\/\/www.gino-caron.com\/photoblog\/wp-json\/wp\/v2\/types\/post"}],"author":[{"embeddable":true,"href":"https:\/\/www.gino-caron.com\/photoblog\/wp-json\/wp\/v2\/users\/3"}],"replies":[{"embeddable":true,"href":"https:\/\/www.gino-caron.com\/photoblog\/wp-json\/wp\/v2\/comments?post=13108"}],"version-history":[{"count":1,"href":"https:\/\/www.gino-caron.com\/photoblog\/wp-json\/wp\/v2\/posts\/13108\/revisions"}],"predecessor-version":[{"id":13110,"href":"https:\/\/www.gino-caron.com\/photoblog\/wp-json\/wp\/v2\/posts\/13108\/revisions\/13110"}],"wp:featuredmedia":[{"embeddable":true,"href":"https:\/\/www.gino-caron.com\/photoblog\/wp-json\/wp\/v2\/media\/13109"}],"wp:attachment":[{"href":"https:\/\/www.gino-caron.com\/photoblog\/wp-json\/wp\/v2\/media?parent=13108"}],"wp:term":[{"taxonomy":"category","embeddable":true,"href":"https:\/\/www.gino-caron.com\/photoblog\/wp-json\/wp\/v2\/categories?post=13108"},{"taxonomy":"post_tag","embeddable":true,"href":"https:\/\/www.gino-caron.com\/photoblog\/wp-json\/wp\/v2\/tags?post=13108"}],"curies":[{"name":"wp","href":"https:\/\/api.w.org\/{rel}","templated":true}]}}