{"id":11777,"date":"2016-02-08T19:54:02","date_gmt":"2016-02-08T23:54:02","guid":{"rendered":"http:\/\/ginocaro.mywhc.ca\/photo\/?p=11777"},"modified":"2024-09-10T14:44:18","modified_gmt":"2024-09-10T18:44:18","slug":"vent-et-froid","status":"publish","type":"post","link":"https:\/\/www.gino-caron.com\/photoblog\/vent-et-froid\/","title":{"rendered":"Vent et froid"},"content":{"rendered":"<p>Sur cette terre fig\u00e9e, o\u00f9 le vent hivernal sculpte des vagues immobiles sur un oc\u00e9an de neige, le ciel, vaste et indompt\u00e9, se drape de nuages aux formes changeantes. La lumi\u00e8re filtre \u00e0 travers eux, offrant des \u00e9clats de clart\u00e9 sur la terre endormie, promesse d&rsquo;un r\u00e9veil sous la froide \u00e9treinte de l&rsquo;hiver. Au loin, les collines se dressent en sentinelles, t\u00e9moins silencieuses de la saison gel\u00e9e, habill\u00e9es de blanc et d&rsquo;ombres.<\/p>\n<p>C&rsquo;est une symphonie visuelle des \u00e9l\u00e9ments, un moment suspendu o\u00f9 la nature murmure la puissance de sa tranquillit\u00e9, un spectacle \u00e9ph\u00e9m\u00e8re o\u00f9 chaque souffle cristallin raconte l&rsquo;histoire du froid et du temps qui passe.<\/p>\n<p>St-Donat, Bas-St-Laurent, Qu\u00e9bec<\/p>\n","protected":false},"excerpt":{"rendered":"<p>Sur cette terre fig\u00e9e, o\u00f9 le vent hivernal sculpte des vagues immobiles sur un oc\u00e9an de neige, le ciel, vaste et indompt\u00e9, se drape de nuages aux formes changeantes. La lumi\u00e8re filtre \u00e0 travers eux, offrant des \u00e9clats de clart\u00e9 sur la terre endormie, promesse d&rsquo;un r\u00e9veil sous la froide \u00e9treinte de l&rsquo;hiver. Au loin, [&hellip;]<\/p>\n","protected":false},"author":3,"featured_media":11778,"comment_status":"open","ping_status":"open","sticky":false,"template":"","format":"standard","meta":{"footnotes":""},"categories":[27,16,32],"tags":[132,305,404],"class_list":["post-11777","post","type-post","status-publish","format-standard","has-post-thumbnail","hentry","category-hiver","category-paysage","category-st-donat","tag-campagne","tag-hiver-2","tag-neige"],"yoast_head":"<!-- This site is optimized with the Yoast SEO plugin v26.9 - https:\/\/yoast.com\/product\/yoast-seo-wordpress\/ -->\n<title>Vent et froid - Gino Caron Photographe<\/title>\n<meta name=\"robots\" content=\"index, follow, max-snippet:-1, max-image-preview:large, max-video-preview:-1\" \/>\n<link rel=\"canonical\" href=\"https:\/\/www.gino-caron.com\/photoblog\/vent-et-froid\/\" \/>\n<meta property=\"og:locale\" content=\"fr_FR\" \/>\n<meta property=\"og:type\" content=\"article\" \/>\n<meta property=\"og:title\" content=\"Vent et froid - Gino Caron Photographe\" \/>\n<meta property=\"og:description\" content=\"Sur cette terre fig\u00e9e, o\u00f9 le vent hivernal sculpte des vagues immobiles sur un oc\u00e9an de neige, le ciel, vaste et indompt\u00e9, se drape de nuages aux formes changeantes. La lumi\u00e8re filtre \u00e0 travers eux, offrant des \u00e9clats de clart\u00e9 sur la terre endormie, promesse d&rsquo;un r\u00e9veil sous la froide \u00e9treinte de l&rsquo;hiver. Au loin, [&hellip;]\" \/>\n<meta property=\"og:url\" content=\"https:\/\/www.gino-caron.com\/photoblog\/vent-et-froid\/\" \/>\n<meta property=\"og:site_name\" content=\"Gino Caron Photographe\" \/>\n<meta property=\"article:publisher\" content=\"https:\/\/www.facebook.com\/Gino.Caron.Photo\" \/>\n<meta property=\"article:published_time\" content=\"2016-02-08T23:54:02+00:00\" \/>\n<meta property=\"article:modified_time\" content=\"2024-09-10T18:44:18+00:00\" \/>\n<meta property=\"og:image\" content=\"https:\/\/www.gino-caron.com\/photoblog\/wp-content\/uploads\/2016\/02\/DSC00206.jpg\" \/>\n\t<meta property=\"og:image:width\" content=\"960\" \/>\n\t<meta property=\"og:image:height\" content=\"640\" \/>\n\t<meta property=\"og:image:type\" content=\"image\/jpeg\" \/>\n<meta name=\"author\" content=\"Gino Caron\" \/>\n<meta name=\"twitter:card\" content=\"summary_large_image\" \/>\n<meta name=\"twitter:creator\" content=\"@GinoCaron\" \/>\n<meta name=\"twitter:site\" content=\"@GinoCaron\" \/>\n<meta name=\"twitter:label1\" content=\"\u00c9crit par\" \/>\n\t<meta name=\"twitter:data1\" content=\"Gino Caron\" \/>\n\t<meta name=\"twitter:label2\" content=\"Dur\u00e9e de lecture estim\u00e9e\" \/>\n\t<meta name=\"twitter:data2\" content=\"1 minute\" \/>\n<script type=\"application\/ld+json\" class=\"yoast-schema-graph\">{\"@context\":\"https:\/\/schema.org\",\"@graph\":[{\"@type\":\"Article\",\"@id\":\"https:\/\/www.gino-caron.com\/photoblog\/vent-et-froid\/#article\",\"isPartOf\":{\"@id\":\"https:\/\/www.gino-caron.com\/photoblog\/vent-et-froid\/\"},\"author\":{\"name\":\"Gino Caron\",\"@id\":\"https:\/\/www.gino-caron.com\/photoblog\/#\/schema\/person\/137be5191e5940072a048b33b4c3b9e9\"},\"headline\":\"Vent et froid\",\"datePublished\":\"2016-02-08T23:54:02+00:00\",\"dateModified\":\"2024-09-10T18:44:18+00:00\",\"mainEntityOfPage\":{\"@id\":\"https:\/\/www.gino-caron.com\/photoblog\/vent-et-froid\/\"},\"wordCount\":122,\"commentCount\":0,\"publisher\":{\"@id\":\"https:\/\/www.gino-caron.com\/photoblog\/#organization\"},\"image\":{\"@id\":\"https:\/\/www.gino-caron.com\/photoblog\/vent-et-froid\/#primaryimage\"},\"thumbnailUrl\":\"https:\/\/www.gino-caron.com\/photoblog\/wp-content\/uploads\/2016\/02\/DSC00206.jpg\",\"keywords\":[\"campagne\",\"hiver\",\"neige\"],\"articleSection\":[\"Hiver\",\"Paysage\",\"St-Donat\"],\"inLanguage\":\"fr-FR\",\"potentialAction\":[{\"@type\":\"CommentAction\",\"name\":\"Comment\",\"target\":[\"https:\/\/www.gino-caron.com\/photoblog\/vent-et-froid\/#respond\"]}]},{\"@type\":\"WebPage\",\"@id\":\"https:\/\/www.gino-caron.com\/photoblog\/vent-et-froid\/\",\"url\":\"https:\/\/www.gino-caron.com\/photoblog\/vent-et-froid\/\",\"name\":\"Vent et froid - Gino Caron Photographe\",\"isPartOf\":{\"@id\":\"https:\/\/www.gino-caron.com\/photoblog\/#website\"},\"primaryImageOfPage\":{\"@id\":\"https:\/\/www.gino-caron.com\/photoblog\/vent-et-froid\/#primaryimage\"},\"image\":{\"@id\":\"https:\/\/www.gino-caron.com\/photoblog\/vent-et-froid\/#primaryimage\"},\"thumbnailUrl\":\"https:\/\/www.gino-caron.com\/photoblog\/wp-content\/uploads\/2016\/02\/DSC00206.jpg\",\"datePublished\":\"2016-02-08T23:54:02+00:00\",\"dateModified\":\"2024-09-10T18:44:18+00:00\",\"breadcrumb\":{\"@id\":\"https:\/\/www.gino-caron.com\/photoblog\/vent-et-froid\/#breadcrumb\"},\"inLanguage\":\"fr-FR\",\"potentialAction\":[{\"@type\":\"ReadAction\",\"target\":[\"https:\/\/www.gino-caron.com\/photoblog\/vent-et-froid\/\"]}]},{\"@type\":\"ImageObject\",\"inLanguage\":\"fr-FR\",\"@id\":\"https:\/\/www.gino-caron.com\/photoblog\/vent-et-froid\/#primaryimage\",\"url\":\"https:\/\/www.gino-caron.com\/photoblog\/wp-content\/uploads\/2016\/02\/DSC00206.jpg\",\"contentUrl\":\"https:\/\/www.gino-caron.com\/photoblog\/wp-content\/uploads\/2016\/02\/DSC00206.jpg\",\"width\":960,\"height\":640},{\"@type\":\"BreadcrumbList\",\"@id\":\"https:\/\/www.gino-caron.com\/photoblog\/vent-et-froid\/#breadcrumb\",\"itemListElement\":[{\"@type\":\"ListItem\",\"position\":1,\"name\":\"Accueil\",\"item\":\"https:\/\/www.gino-caron.com\/photoblog\/\"},{\"@type\":\"ListItem\",\"position\":2,\"name\":\"Vent et froid\"}]},{\"@type\":\"WebSite\",\"@id\":\"https:\/\/www.gino-caron.com\/photoblog\/#website\",\"url\":\"https:\/\/www.gino-caron.com\/photoblog\/\",\"name\":\"Gino Caron Photographe\",\"description\":\"Photographe professionnel de la r\u00e9gion de Rimouski - Mont-Joli. Photo a\u00e9rienne, immobili\u00e8re, paysage, mariage, impression photo, photo num\u00e9rique.\",\"publisher\":{\"@id\":\"https:\/\/www.gino-caron.com\/photoblog\/#organization\"},\"potentialAction\":[{\"@type\":\"SearchAction\",\"target\":{\"@type\":\"EntryPoint\",\"urlTemplate\":\"https:\/\/www.gino-caron.com\/photoblog\/?s={search_term_string}\"},\"query-input\":{\"@type\":\"PropertyValueSpecification\",\"valueRequired\":true,\"valueName\":\"search_term_string\"}}],\"inLanguage\":\"fr-FR\"},{\"@type\":\"Organization\",\"@id\":\"https:\/\/www.gino-caron.com\/photoblog\/#organization\",\"name\":\"Gino Caron Photographe\",\"url\":\"https:\/\/www.gino-caron.com\/photoblog\/\",\"logo\":{\"@type\":\"ImageObject\",\"inLanguage\":\"fr-FR\",\"@id\":\"https:\/\/www.gino-caron.com\/photoblog\/#\/schema\/logo\/image\/\",\"url\":\"https:\/\/www.gino-caron.com\/photoblog\/wp-content\/uploads\/2024\/08\/sign_v3.png\",\"contentUrl\":\"https:\/\/www.gino-caron.com\/photoblog\/wp-content\/uploads\/2024\/08\/sign_v3.png\",\"width\":584,\"height\":442,\"caption\":\"Gino Caron Photographe\"},\"image\":{\"@id\":\"https:\/\/www.gino-caron.com\/photoblog\/#\/schema\/logo\/image\/\"},\"sameAs\":[\"https:\/\/www.facebook.com\/Gino.Caron.Photo\",\"https:\/\/x.com\/GinoCaron\",\"https:\/\/www.instagram.com\/ginocaron\/\"]},{\"@type\":\"Person\",\"@id\":\"https:\/\/www.gino-caron.com\/photoblog\/#\/schema\/person\/137be5191e5940072a048b33b4c3b9e9\",\"name\":\"Gino Caron\",\"image\":{\"@type\":\"ImageObject\",\"inLanguage\":\"fr-FR\",\"@id\":\"https:\/\/www.gino-caron.com\/photoblog\/#\/schema\/person\/image\/\",\"url\":\"https:\/\/secure.gravatar.com\/avatar\/d4e0e08b17e64347b8c7208bf8b2a22f37b2d9fa9ef9d4024b2d96c4fd9ef77b?s=96&d=mm&r=g\",\"contentUrl\":\"https:\/\/secure.gravatar.com\/avatar\/d4e0e08b17e64347b8c7208bf8b2a22f37b2d9fa9ef9d4024b2d96c4fd9ef77b?s=96&d=mm&r=g\",\"caption\":\"Gino Caron\"},\"sameAs\":[\"http:\/\/www.gino-caron.com\"],\"url\":\"https:\/\/www.gino-caron.com\/photoblog\/author\/electro76\/\"}]}<\/script>\n<!-- \/ Yoast SEO plugin. -->","yoast_head_json":{"title":"Vent et froid - Gino Caron Photographe","robots":{"index":"index","follow":"follow","max-snippet":"max-snippet:-1","max-image-preview":"max-image-preview:large","max-video-preview":"max-video-preview:-1"},"canonical":"https:\/\/www.gino-caron.com\/photoblog\/vent-et-froid\/","og_locale":"fr_FR","og_type":"article","og_title":"Vent et froid - Gino Caron Photographe","og_description":"Sur cette terre fig\u00e9e, o\u00f9 le vent hivernal sculpte des vagues immobiles sur un oc\u00e9an de neige, le ciel, vaste et indompt\u00e9, se drape de nuages aux formes changeantes. La lumi\u00e8re filtre \u00e0 travers eux, offrant des \u00e9clats de clart\u00e9 sur la terre endormie, promesse d&rsquo;un r\u00e9veil sous la froide \u00e9treinte de l&rsquo;hiver. Au loin, [&hellip;]","og_url":"https:\/\/www.gino-caron.com\/photoblog\/vent-et-froid\/","og_site_name":"Gino Caron Photographe","article_publisher":"https:\/\/www.facebook.com\/Gino.Caron.Photo","article_published_time":"2016-02-08T23:54:02+00:00","article_modified_time":"2024-09-10T18:44:18+00:00","og_image":[{"width":960,"height":640,"url":"https:\/\/www.gino-caron.com\/photoblog\/wp-content\/uploads\/2016\/02\/DSC00206.jpg","type":"image\/jpeg"}],"author":"Gino Caron","twitter_card":"summary_large_image","twitter_creator":"@GinoCaron","twitter_site":"@GinoCaron","twitter_misc":{"\u00c9crit par":"Gino Caron","Dur\u00e9e de lecture estim\u00e9e":"1 minute"},"schema":{"@context":"https:\/\/schema.org","@graph":[{"@type":"Article","@id":"https:\/\/www.gino-caron.com\/photoblog\/vent-et-froid\/#article","isPartOf":{"@id":"https:\/\/www.gino-caron.com\/photoblog\/vent-et-froid\/"},"author":{"name":"Gino Caron","@id":"https:\/\/www.gino-caron.com\/photoblog\/#\/schema\/person\/137be5191e5940072a048b33b4c3b9e9"},"headline":"Vent et froid","datePublished":"2016-02-08T23:54:02+00:00","dateModified":"2024-09-10T18:44:18+00:00","mainEntityOfPage":{"@id":"https:\/\/www.gino-caron.com\/photoblog\/vent-et-froid\/"},"wordCount":122,"commentCount":0,"publisher":{"@id":"https:\/\/www.gino-caron.com\/photoblog\/#organization"},"image":{"@id":"https:\/\/www.gino-caron.com\/photoblog\/vent-et-froid\/#primaryimage"},"thumbnailUrl":"https:\/\/www.gino-caron.com\/photoblog\/wp-content\/uploads\/2016\/02\/DSC00206.jpg","keywords":["campagne","hiver","neige"],"articleSection":["Hiver","Paysage","St-Donat"],"inLanguage":"fr-FR","potentialAction":[{"@type":"CommentAction","name":"Comment","target":["https:\/\/www.gino-caron.com\/photoblog\/vent-et-froid\/#respond"]}]},{"@type":"WebPage","@id":"https:\/\/www.gino-caron.com\/photoblog\/vent-et-froid\/","url":"https:\/\/www.gino-caron.com\/photoblog\/vent-et-froid\/","name":"Vent et froid - Gino Caron Photographe","isPartOf":{"@id":"https:\/\/www.gino-caron.com\/photoblog\/#website"},"primaryImageOfPage":{"@id":"https:\/\/www.gino-caron.com\/photoblog\/vent-et-froid\/#primaryimage"},"image":{"@id":"https:\/\/www.gino-caron.com\/photoblog\/vent-et-froid\/#primaryimage"},"thumbnailUrl":"https:\/\/www.gino-caron.com\/photoblog\/wp-content\/uploads\/2016\/02\/DSC00206.jpg","datePublished":"2016-02-08T23:54:02+00:00","dateModified":"2024-09-10T18:44:18+00:00","breadcrumb":{"@id":"https:\/\/www.gino-caron.com\/photoblog\/vent-et-froid\/#breadcrumb"},"inLanguage":"fr-FR","potentialAction":[{"@type":"ReadAction","target":["https:\/\/www.gino-caron.com\/photoblog\/vent-et-froid\/"]}]},{"@type":"ImageObject","inLanguage":"fr-FR","@id":"https:\/\/www.gino-caron.com\/photoblog\/vent-et-froid\/#primaryimage","url":"https:\/\/www.gino-caron.com\/photoblog\/wp-content\/uploads\/2016\/02\/DSC00206.jpg","contentUrl":"https:\/\/www.gino-caron.com\/photoblog\/wp-content\/uploads\/2016\/02\/DSC00206.jpg","width":960,"height":640},{"@type":"BreadcrumbList","@id":"https:\/\/www.gino-caron.com\/photoblog\/vent-et-froid\/#breadcrumb","itemListElement":[{"@type":"ListItem","position":1,"name":"Accueil","item":"https:\/\/www.gino-caron.com\/photoblog\/"},{"@type":"ListItem","position":2,"name":"Vent et froid"}]},{"@type":"WebSite","@id":"https:\/\/www.gino-caron.com\/photoblog\/#website","url":"https:\/\/www.gino-caron.com\/photoblog\/","name":"Gino Caron Photographe","description":"Photographe professionnel de la r\u00e9gion de Rimouski - Mont-Joli. Photo a\u00e9rienne, immobili\u00e8re, paysage, mariage, impression photo, photo num\u00e9rique.","publisher":{"@id":"https:\/\/www.gino-caron.com\/photoblog\/#organization"},"potentialAction":[{"@type":"SearchAction","target":{"@type":"EntryPoint","urlTemplate":"https:\/\/www.gino-caron.com\/photoblog\/?s={search_term_string}"},"query-input":{"@type":"PropertyValueSpecification","valueRequired":true,"valueName":"search_term_string"}}],"inLanguage":"fr-FR"},{"@type":"Organization","@id":"https:\/\/www.gino-caron.com\/photoblog\/#organization","name":"Gino Caron Photographe","url":"https:\/\/www.gino-caron.com\/photoblog\/","logo":{"@type":"ImageObject","inLanguage":"fr-FR","@id":"https:\/\/www.gino-caron.com\/photoblog\/#\/schema\/logo\/image\/","url":"https:\/\/www.gino-caron.com\/photoblog\/wp-content\/uploads\/2024\/08\/sign_v3.png","contentUrl":"https:\/\/www.gino-caron.com\/photoblog\/wp-content\/uploads\/2024\/08\/sign_v3.png","width":584,"height":442,"caption":"Gino Caron Photographe"},"image":{"@id":"https:\/\/www.gino-caron.com\/photoblog\/#\/schema\/logo\/image\/"},"sameAs":["https:\/\/www.facebook.com\/Gino.Caron.Photo","https:\/\/x.com\/GinoCaron","https:\/\/www.instagram.com\/ginocaron\/"]},{"@type":"Person","@id":"https:\/\/www.gino-caron.com\/photoblog\/#\/schema\/person\/137be5191e5940072a048b33b4c3b9e9","name":"Gino Caron","image":{"@type":"ImageObject","inLanguage":"fr-FR","@id":"https:\/\/www.gino-caron.com\/photoblog\/#\/schema\/person\/image\/","url":"https:\/\/secure.gravatar.com\/avatar\/d4e0e08b17e64347b8c7208bf8b2a22f37b2d9fa9ef9d4024b2d96c4fd9ef77b?s=96&d=mm&r=g","contentUrl":"https:\/\/secure.gravatar.com\/avatar\/d4e0e08b17e64347b8c7208bf8b2a22f37b2d9fa9ef9d4024b2d96c4fd9ef77b?s=96&d=mm&r=g","caption":"Gino Caron"},"sameAs":["http:\/\/www.gino-caron.com"],"url":"https:\/\/www.gino-caron.com\/photoblog\/author\/electro76\/"}]}},"_links":{"self":[{"href":"https:\/\/www.gino-caron.com\/photoblog\/wp-json\/wp\/v2\/posts\/11777","targetHints":{"allow":["GET"]}}],"collection":[{"href":"https:\/\/www.gino-caron.com\/photoblog\/wp-json\/wp\/v2\/posts"}],"about":[{"href":"https:\/\/www.gino-caron.com\/photoblog\/wp-json\/wp\/v2\/types\/post"}],"author":[{"embeddable":true,"href":"https:\/\/www.gino-caron.com\/photoblog\/wp-json\/wp\/v2\/users\/3"}],"replies":[{"embeddable":true,"href":"https:\/\/www.gino-caron.com\/photoblog\/wp-json\/wp\/v2\/comments?post=11777"}],"version-history":[{"count":2,"href":"https:\/\/www.gino-caron.com\/photoblog\/wp-json\/wp\/v2\/posts\/11777\/revisions"}],"predecessor-version":[{"id":16693,"href":"https:\/\/www.gino-caron.com\/photoblog\/wp-json\/wp\/v2\/posts\/11777\/revisions\/16693"}],"wp:featuredmedia":[{"embeddable":true,"href":"https:\/\/www.gino-caron.com\/photoblog\/wp-json\/wp\/v2\/media\/11778"}],"wp:attachment":[{"href":"https:\/\/www.gino-caron.com\/photoblog\/wp-json\/wp\/v2\/media?parent=11777"}],"wp:term":[{"taxonomy":"category","embeddable":true,"href":"https:\/\/www.gino-caron.com\/photoblog\/wp-json\/wp\/v2\/categories?post=11777"},{"taxonomy":"post_tag","embeddable":true,"href":"https:\/\/www.gino-caron.com\/photoblog\/wp-json\/wp\/v2\/tags?post=11777"}],"curies":[{"name":"wp","href":"https:\/\/api.w.org\/{rel}","templated":true}]}}