{"id":11635,"date":"2015-12-14T21:50:18","date_gmt":"2015-12-15T01:50:18","guid":{"rendered":"http:\/\/ginocaro.mywhc.ca\/photo\/?p=11635"},"modified":"2023-11-30T20:07:12","modified_gmt":"2023-12-01T00:07:12","slug":"la-neige-commence","status":"publish","type":"post","link":"https:\/\/www.gino-caron.com\/photoblog\/la-neige-commence\/","title":{"rendered":"La neige commence"},"content":{"rendered":"<p>Dans cette sc\u00e8ne automnale douce et solennelle, la neige commence \u00e0 saupoudrer les galets du rivage de Rimouski, enveloppant d\u00e9licatement le paysage dans une \u00e9treinte froide. L&rsquo;horizon est voil\u00e9 par un voile de brume neigeuse, la lumi\u00e8re est tamis\u00e9e, les couleurs sont att\u00e9nu\u00e9es et la ville semble se retirer dans une attente silencieuse. Chaque pierre couverte de neige raconte une histoire de transitions, de la richesse de l&rsquo;automne au sommeil de l&rsquo;hiver, un monde \u00e0 la crois\u00e9e des saisons o\u00f9 le temps semble suspendu.<\/p>\n<p>C&rsquo;est un moment de calme r\u00e9fl\u00e9chi, o\u00f9 la nature impose doucement son rythme, et nous invite \u00e0 ralentir et \u00e0 respecter sa paisible accumulation.<\/p>\n<p>Rimouski, Bas-St-Laurent, Qu\u00e9bec<\/p>\n","protected":false},"excerpt":{"rendered":"<p>Dans cette sc\u00e8ne automnale douce et solennelle, la neige commence \u00e0 saupoudrer les galets du rivage de Rimouski, enveloppant d\u00e9licatement le paysage dans une \u00e9treinte froide. L&rsquo;horizon est voil\u00e9 par un voile de brume neigeuse, la lumi\u00e8re est tamis\u00e9e, les couleurs sont att\u00e9nu\u00e9es et la ville semble se retirer dans une attente silencieuse. Chaque pierre [&hellip;]<\/p>\n","protected":false},"author":3,"featured_media":11636,"comment_status":"open","ping_status":"open","sticky":false,"template":"","format":"standard","meta":{"footnotes":""},"categories":[26,16,29],"tags":[260,404,470],"class_list":["post-11635","post","type-post","status-publish","format-standard","has-post-thumbnail","hentry","category-automne","category-paysage","category-rimouski","tag-fleuve","tag-neige","tag-plage"],"yoast_head":"<!-- This site is optimized with the Yoast SEO plugin v26.9 - https:\/\/yoast.com\/product\/yoast-seo-wordpress\/ -->\n<title>La neige commence - Gino Caron Photographe<\/title>\n<meta name=\"robots\" content=\"index, follow, max-snippet:-1, max-image-preview:large, max-video-preview:-1\" \/>\n<link rel=\"canonical\" href=\"https:\/\/www.gino-caron.com\/photoblog\/la-neige-commence\/\" \/>\n<meta property=\"og:locale\" content=\"fr_FR\" \/>\n<meta property=\"og:type\" content=\"article\" \/>\n<meta property=\"og:title\" content=\"La neige commence - Gino Caron Photographe\" \/>\n<meta property=\"og:description\" content=\"Dans cette sc\u00e8ne automnale douce et solennelle, la neige commence \u00e0 saupoudrer les galets du rivage de Rimouski, enveloppant d\u00e9licatement le paysage dans une \u00e9treinte froide. L&rsquo;horizon est voil\u00e9 par un voile de brume neigeuse, la lumi\u00e8re est tamis\u00e9e, les couleurs sont att\u00e9nu\u00e9es et la ville semble se retirer dans une attente silencieuse. Chaque pierre [&hellip;]\" \/>\n<meta property=\"og:url\" content=\"https:\/\/www.gino-caron.com\/photoblog\/la-neige-commence\/\" \/>\n<meta property=\"og:site_name\" content=\"Gino Caron Photographe\" \/>\n<meta property=\"article:publisher\" content=\"https:\/\/www.facebook.com\/Gino.Caron.Photo\" \/>\n<meta property=\"article:published_time\" content=\"2015-12-15T01:50:18+00:00\" \/>\n<meta property=\"article:modified_time\" content=\"2023-12-01T00:07:12+00:00\" \/>\n<meta property=\"og:image\" content=\"https:\/\/www.gino-caron.com\/photoblog\/wp-content\/uploads\/2015\/12\/DSC00155.jpg\" \/>\n\t<meta property=\"og:image:width\" content=\"960\" \/>\n\t<meta property=\"og:image:height\" content=\"564\" \/>\n\t<meta property=\"og:image:type\" content=\"image\/jpeg\" \/>\n<meta name=\"author\" content=\"Gino Caron\" \/>\n<meta name=\"twitter:card\" content=\"summary_large_image\" \/>\n<meta name=\"twitter:creator\" content=\"@GinoCaron\" \/>\n<meta name=\"twitter:site\" content=\"@GinoCaron\" \/>\n<meta name=\"twitter:label1\" content=\"\u00c9crit par\" \/>\n\t<meta name=\"twitter:data1\" content=\"Gino Caron\" \/>\n\t<meta name=\"twitter:label2\" content=\"Dur\u00e9e de lecture estim\u00e9e\" \/>\n\t<meta name=\"twitter:data2\" content=\"1 minute\" \/>\n<script type=\"application\/ld+json\" class=\"yoast-schema-graph\">{\"@context\":\"https:\/\/schema.org\",\"@graph\":[{\"@type\":\"Article\",\"@id\":\"https:\/\/www.gino-caron.com\/photoblog\/la-neige-commence\/#article\",\"isPartOf\":{\"@id\":\"https:\/\/www.gino-caron.com\/photoblog\/la-neige-commence\/\"},\"author\":{\"name\":\"Gino Caron\",\"@id\":\"https:\/\/www.gino-caron.com\/photoblog\/#\/schema\/person\/137be5191e5940072a048b33b4c3b9e9\"},\"headline\":\"La neige commence\",\"datePublished\":\"2015-12-15T01:50:18+00:00\",\"dateModified\":\"2023-12-01T00:07:12+00:00\",\"mainEntityOfPage\":{\"@id\":\"https:\/\/www.gino-caron.com\/photoblog\/la-neige-commence\/\"},\"wordCount\":120,\"commentCount\":0,\"publisher\":{\"@id\":\"https:\/\/www.gino-caron.com\/photoblog\/#organization\"},\"image\":{\"@id\":\"https:\/\/www.gino-caron.com\/photoblog\/la-neige-commence\/#primaryimage\"},\"thumbnailUrl\":\"https:\/\/www.gino-caron.com\/photoblog\/wp-content\/uploads\/2015\/12\/DSC00155.jpg\",\"keywords\":[\"fleuve\",\"neige\",\"plage\"],\"articleSection\":[\"Automne\",\"Paysage\",\"Rimouski\"],\"inLanguage\":\"fr-FR\",\"potentialAction\":[{\"@type\":\"CommentAction\",\"name\":\"Comment\",\"target\":[\"https:\/\/www.gino-caron.com\/photoblog\/la-neige-commence\/#respond\"]}]},{\"@type\":\"WebPage\",\"@id\":\"https:\/\/www.gino-caron.com\/photoblog\/la-neige-commence\/\",\"url\":\"https:\/\/www.gino-caron.com\/photoblog\/la-neige-commence\/\",\"name\":\"La neige commence - Gino Caron Photographe\",\"isPartOf\":{\"@id\":\"https:\/\/www.gino-caron.com\/photoblog\/#website\"},\"primaryImageOfPage\":{\"@id\":\"https:\/\/www.gino-caron.com\/photoblog\/la-neige-commence\/#primaryimage\"},\"image\":{\"@id\":\"https:\/\/www.gino-caron.com\/photoblog\/la-neige-commence\/#primaryimage\"},\"thumbnailUrl\":\"https:\/\/www.gino-caron.com\/photoblog\/wp-content\/uploads\/2015\/12\/DSC00155.jpg\",\"datePublished\":\"2015-12-15T01:50:18+00:00\",\"dateModified\":\"2023-12-01T00:07:12+00:00\",\"breadcrumb\":{\"@id\":\"https:\/\/www.gino-caron.com\/photoblog\/la-neige-commence\/#breadcrumb\"},\"inLanguage\":\"fr-FR\",\"potentialAction\":[{\"@type\":\"ReadAction\",\"target\":[\"https:\/\/www.gino-caron.com\/photoblog\/la-neige-commence\/\"]}]},{\"@type\":\"ImageObject\",\"inLanguage\":\"fr-FR\",\"@id\":\"https:\/\/www.gino-caron.com\/photoblog\/la-neige-commence\/#primaryimage\",\"url\":\"https:\/\/www.gino-caron.com\/photoblog\/wp-content\/uploads\/2015\/12\/DSC00155.jpg\",\"contentUrl\":\"https:\/\/www.gino-caron.com\/photoblog\/wp-content\/uploads\/2015\/12\/DSC00155.jpg\",\"width\":960,\"height\":564},{\"@type\":\"BreadcrumbList\",\"@id\":\"https:\/\/www.gino-caron.com\/photoblog\/la-neige-commence\/#breadcrumb\",\"itemListElement\":[{\"@type\":\"ListItem\",\"position\":1,\"name\":\"Accueil\",\"item\":\"https:\/\/www.gino-caron.com\/photoblog\/\"},{\"@type\":\"ListItem\",\"position\":2,\"name\":\"La neige commence\"}]},{\"@type\":\"WebSite\",\"@id\":\"https:\/\/www.gino-caron.com\/photoblog\/#website\",\"url\":\"https:\/\/www.gino-caron.com\/photoblog\/\",\"name\":\"Gino Caron Photographe\",\"description\":\"Photographe professionnel de la r\u00e9gion de Rimouski - Mont-Joli. Photo a\u00e9rienne, immobili\u00e8re, paysage, mariage, impression photo, photo num\u00e9rique.\",\"publisher\":{\"@id\":\"https:\/\/www.gino-caron.com\/photoblog\/#organization\"},\"potentialAction\":[{\"@type\":\"SearchAction\",\"target\":{\"@type\":\"EntryPoint\",\"urlTemplate\":\"https:\/\/www.gino-caron.com\/photoblog\/?s={search_term_string}\"},\"query-input\":{\"@type\":\"PropertyValueSpecification\",\"valueRequired\":true,\"valueName\":\"search_term_string\"}}],\"inLanguage\":\"fr-FR\"},{\"@type\":\"Organization\",\"@id\":\"https:\/\/www.gino-caron.com\/photoblog\/#organization\",\"name\":\"Gino Caron Photographe\",\"url\":\"https:\/\/www.gino-caron.com\/photoblog\/\",\"logo\":{\"@type\":\"ImageObject\",\"inLanguage\":\"fr-FR\",\"@id\":\"https:\/\/www.gino-caron.com\/photoblog\/#\/schema\/logo\/image\/\",\"url\":\"https:\/\/www.gino-caron.com\/photoblog\/wp-content\/uploads\/2024\/08\/sign_v3.png\",\"contentUrl\":\"https:\/\/www.gino-caron.com\/photoblog\/wp-content\/uploads\/2024\/08\/sign_v3.png\",\"width\":584,\"height\":442,\"caption\":\"Gino Caron Photographe\"},\"image\":{\"@id\":\"https:\/\/www.gino-caron.com\/photoblog\/#\/schema\/logo\/image\/\"},\"sameAs\":[\"https:\/\/www.facebook.com\/Gino.Caron.Photo\",\"https:\/\/x.com\/GinoCaron\",\"https:\/\/www.instagram.com\/ginocaron\/\"]},{\"@type\":\"Person\",\"@id\":\"https:\/\/www.gino-caron.com\/photoblog\/#\/schema\/person\/137be5191e5940072a048b33b4c3b9e9\",\"name\":\"Gino Caron\",\"image\":{\"@type\":\"ImageObject\",\"inLanguage\":\"fr-FR\",\"@id\":\"https:\/\/www.gino-caron.com\/photoblog\/#\/schema\/person\/image\/\",\"url\":\"https:\/\/secure.gravatar.com\/avatar\/d4e0e08b17e64347b8c7208bf8b2a22f37b2d9fa9ef9d4024b2d96c4fd9ef77b?s=96&d=mm&r=g\",\"contentUrl\":\"https:\/\/secure.gravatar.com\/avatar\/d4e0e08b17e64347b8c7208bf8b2a22f37b2d9fa9ef9d4024b2d96c4fd9ef77b?s=96&d=mm&r=g\",\"caption\":\"Gino Caron\"},\"sameAs\":[\"http:\/\/www.gino-caron.com\"],\"url\":\"https:\/\/www.gino-caron.com\/photoblog\/author\/electro76\/\"}]}<\/script>\n<!-- \/ Yoast SEO plugin. -->","yoast_head_json":{"title":"La neige commence - Gino Caron Photographe","robots":{"index":"index","follow":"follow","max-snippet":"max-snippet:-1","max-image-preview":"max-image-preview:large","max-video-preview":"max-video-preview:-1"},"canonical":"https:\/\/www.gino-caron.com\/photoblog\/la-neige-commence\/","og_locale":"fr_FR","og_type":"article","og_title":"La neige commence - Gino Caron Photographe","og_description":"Dans cette sc\u00e8ne automnale douce et solennelle, la neige commence \u00e0 saupoudrer les galets du rivage de Rimouski, enveloppant d\u00e9licatement le paysage dans une \u00e9treinte froide. L&rsquo;horizon est voil\u00e9 par un voile de brume neigeuse, la lumi\u00e8re est tamis\u00e9e, les couleurs sont att\u00e9nu\u00e9es et la ville semble se retirer dans une attente silencieuse. Chaque pierre [&hellip;]","og_url":"https:\/\/www.gino-caron.com\/photoblog\/la-neige-commence\/","og_site_name":"Gino Caron Photographe","article_publisher":"https:\/\/www.facebook.com\/Gino.Caron.Photo","article_published_time":"2015-12-15T01:50:18+00:00","article_modified_time":"2023-12-01T00:07:12+00:00","og_image":[{"width":960,"height":564,"url":"https:\/\/www.gino-caron.com\/photoblog\/wp-content\/uploads\/2015\/12\/DSC00155.jpg","type":"image\/jpeg"}],"author":"Gino Caron","twitter_card":"summary_large_image","twitter_creator":"@GinoCaron","twitter_site":"@GinoCaron","twitter_misc":{"\u00c9crit par":"Gino Caron","Dur\u00e9e de lecture estim\u00e9e":"1 minute"},"schema":{"@context":"https:\/\/schema.org","@graph":[{"@type":"Article","@id":"https:\/\/www.gino-caron.com\/photoblog\/la-neige-commence\/#article","isPartOf":{"@id":"https:\/\/www.gino-caron.com\/photoblog\/la-neige-commence\/"},"author":{"name":"Gino Caron","@id":"https:\/\/www.gino-caron.com\/photoblog\/#\/schema\/person\/137be5191e5940072a048b33b4c3b9e9"},"headline":"La neige commence","datePublished":"2015-12-15T01:50:18+00:00","dateModified":"2023-12-01T00:07:12+00:00","mainEntityOfPage":{"@id":"https:\/\/www.gino-caron.com\/photoblog\/la-neige-commence\/"},"wordCount":120,"commentCount":0,"publisher":{"@id":"https:\/\/www.gino-caron.com\/photoblog\/#organization"},"image":{"@id":"https:\/\/www.gino-caron.com\/photoblog\/la-neige-commence\/#primaryimage"},"thumbnailUrl":"https:\/\/www.gino-caron.com\/photoblog\/wp-content\/uploads\/2015\/12\/DSC00155.jpg","keywords":["fleuve","neige","plage"],"articleSection":["Automne","Paysage","Rimouski"],"inLanguage":"fr-FR","potentialAction":[{"@type":"CommentAction","name":"Comment","target":["https:\/\/www.gino-caron.com\/photoblog\/la-neige-commence\/#respond"]}]},{"@type":"WebPage","@id":"https:\/\/www.gino-caron.com\/photoblog\/la-neige-commence\/","url":"https:\/\/www.gino-caron.com\/photoblog\/la-neige-commence\/","name":"La neige commence - Gino Caron Photographe","isPartOf":{"@id":"https:\/\/www.gino-caron.com\/photoblog\/#website"},"primaryImageOfPage":{"@id":"https:\/\/www.gino-caron.com\/photoblog\/la-neige-commence\/#primaryimage"},"image":{"@id":"https:\/\/www.gino-caron.com\/photoblog\/la-neige-commence\/#primaryimage"},"thumbnailUrl":"https:\/\/www.gino-caron.com\/photoblog\/wp-content\/uploads\/2015\/12\/DSC00155.jpg","datePublished":"2015-12-15T01:50:18+00:00","dateModified":"2023-12-01T00:07:12+00:00","breadcrumb":{"@id":"https:\/\/www.gino-caron.com\/photoblog\/la-neige-commence\/#breadcrumb"},"inLanguage":"fr-FR","potentialAction":[{"@type":"ReadAction","target":["https:\/\/www.gino-caron.com\/photoblog\/la-neige-commence\/"]}]},{"@type":"ImageObject","inLanguage":"fr-FR","@id":"https:\/\/www.gino-caron.com\/photoblog\/la-neige-commence\/#primaryimage","url":"https:\/\/www.gino-caron.com\/photoblog\/wp-content\/uploads\/2015\/12\/DSC00155.jpg","contentUrl":"https:\/\/www.gino-caron.com\/photoblog\/wp-content\/uploads\/2015\/12\/DSC00155.jpg","width":960,"height":564},{"@type":"BreadcrumbList","@id":"https:\/\/www.gino-caron.com\/photoblog\/la-neige-commence\/#breadcrumb","itemListElement":[{"@type":"ListItem","position":1,"name":"Accueil","item":"https:\/\/www.gino-caron.com\/photoblog\/"},{"@type":"ListItem","position":2,"name":"La neige commence"}]},{"@type":"WebSite","@id":"https:\/\/www.gino-caron.com\/photoblog\/#website","url":"https:\/\/www.gino-caron.com\/photoblog\/","name":"Gino Caron Photographe","description":"Photographe professionnel de la r\u00e9gion de Rimouski - Mont-Joli. Photo a\u00e9rienne, immobili\u00e8re, paysage, mariage, impression photo, photo num\u00e9rique.","publisher":{"@id":"https:\/\/www.gino-caron.com\/photoblog\/#organization"},"potentialAction":[{"@type":"SearchAction","target":{"@type":"EntryPoint","urlTemplate":"https:\/\/www.gino-caron.com\/photoblog\/?s={search_term_string}"},"query-input":{"@type":"PropertyValueSpecification","valueRequired":true,"valueName":"search_term_string"}}],"inLanguage":"fr-FR"},{"@type":"Organization","@id":"https:\/\/www.gino-caron.com\/photoblog\/#organization","name":"Gino Caron Photographe","url":"https:\/\/www.gino-caron.com\/photoblog\/","logo":{"@type":"ImageObject","inLanguage":"fr-FR","@id":"https:\/\/www.gino-caron.com\/photoblog\/#\/schema\/logo\/image\/","url":"https:\/\/www.gino-caron.com\/photoblog\/wp-content\/uploads\/2024\/08\/sign_v3.png","contentUrl":"https:\/\/www.gino-caron.com\/photoblog\/wp-content\/uploads\/2024\/08\/sign_v3.png","width":584,"height":442,"caption":"Gino Caron Photographe"},"image":{"@id":"https:\/\/www.gino-caron.com\/photoblog\/#\/schema\/logo\/image\/"},"sameAs":["https:\/\/www.facebook.com\/Gino.Caron.Photo","https:\/\/x.com\/GinoCaron","https:\/\/www.instagram.com\/ginocaron\/"]},{"@type":"Person","@id":"https:\/\/www.gino-caron.com\/photoblog\/#\/schema\/person\/137be5191e5940072a048b33b4c3b9e9","name":"Gino Caron","image":{"@type":"ImageObject","inLanguage":"fr-FR","@id":"https:\/\/www.gino-caron.com\/photoblog\/#\/schema\/person\/image\/","url":"https:\/\/secure.gravatar.com\/avatar\/d4e0e08b17e64347b8c7208bf8b2a22f37b2d9fa9ef9d4024b2d96c4fd9ef77b?s=96&d=mm&r=g","contentUrl":"https:\/\/secure.gravatar.com\/avatar\/d4e0e08b17e64347b8c7208bf8b2a22f37b2d9fa9ef9d4024b2d96c4fd9ef77b?s=96&d=mm&r=g","caption":"Gino Caron"},"sameAs":["http:\/\/www.gino-caron.com"],"url":"https:\/\/www.gino-caron.com\/photoblog\/author\/electro76\/"}]}},"_links":{"self":[{"href":"https:\/\/www.gino-caron.com\/photoblog\/wp-json\/wp\/v2\/posts\/11635","targetHints":{"allow":["GET"]}}],"collection":[{"href":"https:\/\/www.gino-caron.com\/photoblog\/wp-json\/wp\/v2\/posts"}],"about":[{"href":"https:\/\/www.gino-caron.com\/photoblog\/wp-json\/wp\/v2\/types\/post"}],"author":[{"embeddable":true,"href":"https:\/\/www.gino-caron.com\/photoblog\/wp-json\/wp\/v2\/users\/3"}],"replies":[{"embeddable":true,"href":"https:\/\/www.gino-caron.com\/photoblog\/wp-json\/wp\/v2\/comments?post=11635"}],"version-history":[{"count":2,"href":"https:\/\/www.gino-caron.com\/photoblog\/wp-json\/wp\/v2\/posts\/11635\/revisions"}],"predecessor-version":[{"id":16633,"href":"https:\/\/www.gino-caron.com\/photoblog\/wp-json\/wp\/v2\/posts\/11635\/revisions\/16633"}],"wp:featuredmedia":[{"embeddable":true,"href":"https:\/\/www.gino-caron.com\/photoblog\/wp-json\/wp\/v2\/media\/11636"}],"wp:attachment":[{"href":"https:\/\/www.gino-caron.com\/photoblog\/wp-json\/wp\/v2\/media?parent=11635"}],"wp:term":[{"taxonomy":"category","embeddable":true,"href":"https:\/\/www.gino-caron.com\/photoblog\/wp-json\/wp\/v2\/categories?post=11635"},{"taxonomy":"post_tag","embeddable":true,"href":"https:\/\/www.gino-caron.com\/photoblog\/wp-json\/wp\/v2\/tags?post=11635"}],"curies":[{"name":"wp","href":"https:\/\/api.w.org\/{rel}","templated":true}]}}