{"id":11479,"date":"2015-10-18T13:01:57","date_gmt":"2015-10-18T17:01:57","guid":{"rendered":"http:\/\/ginocaro.mywhc.ca\/photo\/?p=11479"},"modified":"2023-11-28T20:01:56","modified_gmt":"2023-11-29T00:01:56","slug":"trois-couleurs-de-lautomne","status":"publish","type":"post","link":"https:\/\/www.gino-caron.com\/photoblog\/trois-couleurs-de-lautomne\/","title":{"rendered":"Trois couleurs de l&rsquo;automne"},"content":{"rendered":"<p>Quand l&rsquo;automne pare les hauteurs d&rsquo;un diad\u00e8me de givre, il trace une fronti\u00e8re \u00e9ph\u00e9m\u00e8re entre l&rsquo;hiver naissant et l&rsquo;\u00e9t\u00e9 qui s&rsquo;\u00e9teint. La montagne se drape d&rsquo;une toison givr\u00e9e, couronne brillante sur un manteau de feuilles aux mille couleurs. En bas, la terre labour\u00e9e attend, patiente, le sommeil hivernal, tandis que la lumi\u00e8re rasante du soleil effleure les cimes et r\u00e9v\u00e8le la palette chaleureuse de l&rsquo;automne.<\/p>\n<p>C&rsquo;est un tableau vivant, un spectacle fugace o\u00f9 la nature exhibe ses contrastes les plus saisissants, un moment captur\u00e9 o\u00f9 le temps semble suspendre son vol.<\/p>\n<p>St-Anaclet, Bas-St-Laurent, Qu\u00e9bec<\/p>\n","protected":false},"excerpt":{"rendered":"<p>Quand l&rsquo;automne pare les hauteurs d&rsquo;un diad\u00e8me de givre, il trace une fronti\u00e8re \u00e9ph\u00e9m\u00e8re entre l&rsquo;hiver naissant et l&rsquo;\u00e9t\u00e9 qui s&rsquo;\u00e9teint. La montagne se drape d&rsquo;une toison givr\u00e9e, couronne brillante sur un manteau de feuilles aux mille couleurs. En bas, la terre labour\u00e9e attend, patiente, le sommeil hivernal, tandis que la lumi\u00e8re rasante du soleil [&hellip;]<\/p>\n","protected":false},"author":3,"featured_media":11480,"comment_status":"open","ping_status":"open","sticky":false,"template":"","format":"standard","meta":{"footnotes":""},"categories":[26,16,737],"tags":[71,190,387],"class_list":["post-11479","post","type-post","status-publish","format-standard","has-post-thumbnail","hentry","category-automne","category-paysage","category-st-anaclet-de-lessard","tag-automne-2","tag-couleur","tag-montagne"],"yoast_head":"<!-- This site is optimized with the Yoast SEO plugin v26.9 - https:\/\/yoast.com\/product\/yoast-seo-wordpress\/ -->\n<title>Trois couleurs de l&#039;automne - Gino Caron Photographe<\/title>\n<meta name=\"robots\" content=\"index, follow, max-snippet:-1, max-image-preview:large, max-video-preview:-1\" \/>\n<link rel=\"canonical\" href=\"https:\/\/www.gino-caron.com\/photoblog\/trois-couleurs-de-lautomne\/\" \/>\n<meta property=\"og:locale\" content=\"fr_FR\" \/>\n<meta property=\"og:type\" content=\"article\" \/>\n<meta property=\"og:title\" content=\"Trois couleurs de l&#039;automne - Gino Caron Photographe\" \/>\n<meta property=\"og:description\" content=\"Quand l&rsquo;automne pare les hauteurs d&rsquo;un diad\u00e8me de givre, il trace une fronti\u00e8re \u00e9ph\u00e9m\u00e8re entre l&rsquo;hiver naissant et l&rsquo;\u00e9t\u00e9 qui s&rsquo;\u00e9teint. La montagne se drape d&rsquo;une toison givr\u00e9e, couronne brillante sur un manteau de feuilles aux mille couleurs. En bas, la terre labour\u00e9e attend, patiente, le sommeil hivernal, tandis que la lumi\u00e8re rasante du soleil [&hellip;]\" \/>\n<meta property=\"og:url\" content=\"https:\/\/www.gino-caron.com\/photoblog\/trois-couleurs-de-lautomne\/\" \/>\n<meta property=\"og:site_name\" content=\"Gino Caron Photographe\" \/>\n<meta property=\"article:publisher\" content=\"https:\/\/www.facebook.com\/Gino.Caron.Photo\" \/>\n<meta property=\"article:published_time\" content=\"2015-10-18T17:01:57+00:00\" \/>\n<meta property=\"article:modified_time\" content=\"2023-11-29T00:01:56+00:00\" \/>\n<meta property=\"og:image\" content=\"https:\/\/www.gino-caron.com\/photoblog\/wp-content\/uploads\/2015\/10\/IMG_9722.jpg\" \/>\n\t<meta property=\"og:image:width\" content=\"960\" \/>\n\t<meta property=\"og:image:height\" content=\"640\" \/>\n\t<meta property=\"og:image:type\" content=\"image\/jpeg\" \/>\n<meta name=\"author\" content=\"Gino Caron\" \/>\n<meta name=\"twitter:card\" content=\"summary_large_image\" \/>\n<meta name=\"twitter:creator\" content=\"@GinoCaron\" \/>\n<meta name=\"twitter:site\" content=\"@GinoCaron\" \/>\n<meta name=\"twitter:label1\" content=\"\u00c9crit par\" \/>\n\t<meta name=\"twitter:data1\" content=\"Gino Caron\" \/>\n\t<meta name=\"twitter:label2\" content=\"Dur\u00e9e de lecture estim\u00e9e\" \/>\n\t<meta name=\"twitter:data2\" content=\"1 minute\" \/>\n<script type=\"application\/ld+json\" class=\"yoast-schema-graph\">{\"@context\":\"https:\/\/schema.org\",\"@graph\":[{\"@type\":\"Article\",\"@id\":\"https:\/\/www.gino-caron.com\/photoblog\/trois-couleurs-de-lautomne\/#article\",\"isPartOf\":{\"@id\":\"https:\/\/www.gino-caron.com\/photoblog\/trois-couleurs-de-lautomne\/\"},\"author\":{\"name\":\"Gino Caron\",\"@id\":\"https:\/\/www.gino-caron.com\/photoblog\/#\/schema\/person\/137be5191e5940072a048b33b4c3b9e9\"},\"headline\":\"Trois couleurs de l&rsquo;automne\",\"datePublished\":\"2015-10-18T17:01:57+00:00\",\"dateModified\":\"2023-11-29T00:01:56+00:00\",\"mainEntityOfPage\":{\"@id\":\"https:\/\/www.gino-caron.com\/photoblog\/trois-couleurs-de-lautomne\/\"},\"wordCount\":110,\"commentCount\":0,\"publisher\":{\"@id\":\"https:\/\/www.gino-caron.com\/photoblog\/#organization\"},\"image\":{\"@id\":\"https:\/\/www.gino-caron.com\/photoblog\/trois-couleurs-de-lautomne\/#primaryimage\"},\"thumbnailUrl\":\"https:\/\/www.gino-caron.com\/photoblog\/wp-content\/uploads\/2015\/10\/IMG_9722.jpg\",\"keywords\":[\"automne\",\"couleurs\",\"montagne\"],\"articleSection\":[\"Automne\",\"Paysage\",\"St-Anaclet-de-Lessard\"],\"inLanguage\":\"fr-FR\",\"potentialAction\":[{\"@type\":\"CommentAction\",\"name\":\"Comment\",\"target\":[\"https:\/\/www.gino-caron.com\/photoblog\/trois-couleurs-de-lautomne\/#respond\"]}]},{\"@type\":\"WebPage\",\"@id\":\"https:\/\/www.gino-caron.com\/photoblog\/trois-couleurs-de-lautomne\/\",\"url\":\"https:\/\/www.gino-caron.com\/photoblog\/trois-couleurs-de-lautomne\/\",\"name\":\"Trois couleurs de l'automne - Gino Caron Photographe\",\"isPartOf\":{\"@id\":\"https:\/\/www.gino-caron.com\/photoblog\/#website\"},\"primaryImageOfPage\":{\"@id\":\"https:\/\/www.gino-caron.com\/photoblog\/trois-couleurs-de-lautomne\/#primaryimage\"},\"image\":{\"@id\":\"https:\/\/www.gino-caron.com\/photoblog\/trois-couleurs-de-lautomne\/#primaryimage\"},\"thumbnailUrl\":\"https:\/\/www.gino-caron.com\/photoblog\/wp-content\/uploads\/2015\/10\/IMG_9722.jpg\",\"datePublished\":\"2015-10-18T17:01:57+00:00\",\"dateModified\":\"2023-11-29T00:01:56+00:00\",\"breadcrumb\":{\"@id\":\"https:\/\/www.gino-caron.com\/photoblog\/trois-couleurs-de-lautomne\/#breadcrumb\"},\"inLanguage\":\"fr-FR\",\"potentialAction\":[{\"@type\":\"ReadAction\",\"target\":[\"https:\/\/www.gino-caron.com\/photoblog\/trois-couleurs-de-lautomne\/\"]}]},{\"@type\":\"ImageObject\",\"inLanguage\":\"fr-FR\",\"@id\":\"https:\/\/www.gino-caron.com\/photoblog\/trois-couleurs-de-lautomne\/#primaryimage\",\"url\":\"https:\/\/www.gino-caron.com\/photoblog\/wp-content\/uploads\/2015\/10\/IMG_9722.jpg\",\"contentUrl\":\"https:\/\/www.gino-caron.com\/photoblog\/wp-content\/uploads\/2015\/10\/IMG_9722.jpg\",\"width\":960,\"height\":640},{\"@type\":\"BreadcrumbList\",\"@id\":\"https:\/\/www.gino-caron.com\/photoblog\/trois-couleurs-de-lautomne\/#breadcrumb\",\"itemListElement\":[{\"@type\":\"ListItem\",\"position\":1,\"name\":\"Accueil\",\"item\":\"https:\/\/www.gino-caron.com\/photoblog\/\"},{\"@type\":\"ListItem\",\"position\":2,\"name\":\"Trois couleurs de l&rsquo;automne\"}]},{\"@type\":\"WebSite\",\"@id\":\"https:\/\/www.gino-caron.com\/photoblog\/#website\",\"url\":\"https:\/\/www.gino-caron.com\/photoblog\/\",\"name\":\"Gino Caron Photographe\",\"description\":\"Photographe professionnel de la r\u00e9gion de Rimouski - Mont-Joli. Photo a\u00e9rienne, immobili\u00e8re, paysage, mariage, impression photo, photo num\u00e9rique.\",\"publisher\":{\"@id\":\"https:\/\/www.gino-caron.com\/photoblog\/#organization\"},\"potentialAction\":[{\"@type\":\"SearchAction\",\"target\":{\"@type\":\"EntryPoint\",\"urlTemplate\":\"https:\/\/www.gino-caron.com\/photoblog\/?s={search_term_string}\"},\"query-input\":{\"@type\":\"PropertyValueSpecification\",\"valueRequired\":true,\"valueName\":\"search_term_string\"}}],\"inLanguage\":\"fr-FR\"},{\"@type\":\"Organization\",\"@id\":\"https:\/\/www.gino-caron.com\/photoblog\/#organization\",\"name\":\"Gino Caron Photographe\",\"url\":\"https:\/\/www.gino-caron.com\/photoblog\/\",\"logo\":{\"@type\":\"ImageObject\",\"inLanguage\":\"fr-FR\",\"@id\":\"https:\/\/www.gino-caron.com\/photoblog\/#\/schema\/logo\/image\/\",\"url\":\"https:\/\/www.gino-caron.com\/photoblog\/wp-content\/uploads\/2024\/08\/sign_v3.png\",\"contentUrl\":\"https:\/\/www.gino-caron.com\/photoblog\/wp-content\/uploads\/2024\/08\/sign_v3.png\",\"width\":584,\"height\":442,\"caption\":\"Gino Caron Photographe\"},\"image\":{\"@id\":\"https:\/\/www.gino-caron.com\/photoblog\/#\/schema\/logo\/image\/\"},\"sameAs\":[\"https:\/\/www.facebook.com\/Gino.Caron.Photo\",\"https:\/\/x.com\/GinoCaron\",\"https:\/\/www.instagram.com\/ginocaron\/\"]},{\"@type\":\"Person\",\"@id\":\"https:\/\/www.gino-caron.com\/photoblog\/#\/schema\/person\/137be5191e5940072a048b33b4c3b9e9\",\"name\":\"Gino Caron\",\"image\":{\"@type\":\"ImageObject\",\"inLanguage\":\"fr-FR\",\"@id\":\"https:\/\/www.gino-caron.com\/photoblog\/#\/schema\/person\/image\/\",\"url\":\"https:\/\/secure.gravatar.com\/avatar\/d4e0e08b17e64347b8c7208bf8b2a22f37b2d9fa9ef9d4024b2d96c4fd9ef77b?s=96&d=mm&r=g\",\"contentUrl\":\"https:\/\/secure.gravatar.com\/avatar\/d4e0e08b17e64347b8c7208bf8b2a22f37b2d9fa9ef9d4024b2d96c4fd9ef77b?s=96&d=mm&r=g\",\"caption\":\"Gino Caron\"},\"sameAs\":[\"http:\/\/www.gino-caron.com\"],\"url\":\"https:\/\/www.gino-caron.com\/photoblog\/author\/electro76\/\"}]}<\/script>\n<!-- \/ Yoast SEO plugin. -->","yoast_head_json":{"title":"Trois couleurs de l'automne - Gino Caron Photographe","robots":{"index":"index","follow":"follow","max-snippet":"max-snippet:-1","max-image-preview":"max-image-preview:large","max-video-preview":"max-video-preview:-1"},"canonical":"https:\/\/www.gino-caron.com\/photoblog\/trois-couleurs-de-lautomne\/","og_locale":"fr_FR","og_type":"article","og_title":"Trois couleurs de l'automne - Gino Caron Photographe","og_description":"Quand l&rsquo;automne pare les hauteurs d&rsquo;un diad\u00e8me de givre, il trace une fronti\u00e8re \u00e9ph\u00e9m\u00e8re entre l&rsquo;hiver naissant et l&rsquo;\u00e9t\u00e9 qui s&rsquo;\u00e9teint. La montagne se drape d&rsquo;une toison givr\u00e9e, couronne brillante sur un manteau de feuilles aux mille couleurs. En bas, la terre labour\u00e9e attend, patiente, le sommeil hivernal, tandis que la lumi\u00e8re rasante du soleil [&hellip;]","og_url":"https:\/\/www.gino-caron.com\/photoblog\/trois-couleurs-de-lautomne\/","og_site_name":"Gino Caron Photographe","article_publisher":"https:\/\/www.facebook.com\/Gino.Caron.Photo","article_published_time":"2015-10-18T17:01:57+00:00","article_modified_time":"2023-11-29T00:01:56+00:00","og_image":[{"width":960,"height":640,"url":"https:\/\/www.gino-caron.com\/photoblog\/wp-content\/uploads\/2015\/10\/IMG_9722.jpg","type":"image\/jpeg"}],"author":"Gino Caron","twitter_card":"summary_large_image","twitter_creator":"@GinoCaron","twitter_site":"@GinoCaron","twitter_misc":{"\u00c9crit par":"Gino Caron","Dur\u00e9e de lecture estim\u00e9e":"1 minute"},"schema":{"@context":"https:\/\/schema.org","@graph":[{"@type":"Article","@id":"https:\/\/www.gino-caron.com\/photoblog\/trois-couleurs-de-lautomne\/#article","isPartOf":{"@id":"https:\/\/www.gino-caron.com\/photoblog\/trois-couleurs-de-lautomne\/"},"author":{"name":"Gino Caron","@id":"https:\/\/www.gino-caron.com\/photoblog\/#\/schema\/person\/137be5191e5940072a048b33b4c3b9e9"},"headline":"Trois couleurs de l&rsquo;automne","datePublished":"2015-10-18T17:01:57+00:00","dateModified":"2023-11-29T00:01:56+00:00","mainEntityOfPage":{"@id":"https:\/\/www.gino-caron.com\/photoblog\/trois-couleurs-de-lautomne\/"},"wordCount":110,"commentCount":0,"publisher":{"@id":"https:\/\/www.gino-caron.com\/photoblog\/#organization"},"image":{"@id":"https:\/\/www.gino-caron.com\/photoblog\/trois-couleurs-de-lautomne\/#primaryimage"},"thumbnailUrl":"https:\/\/www.gino-caron.com\/photoblog\/wp-content\/uploads\/2015\/10\/IMG_9722.jpg","keywords":["automne","couleurs","montagne"],"articleSection":["Automne","Paysage","St-Anaclet-de-Lessard"],"inLanguage":"fr-FR","potentialAction":[{"@type":"CommentAction","name":"Comment","target":["https:\/\/www.gino-caron.com\/photoblog\/trois-couleurs-de-lautomne\/#respond"]}]},{"@type":"WebPage","@id":"https:\/\/www.gino-caron.com\/photoblog\/trois-couleurs-de-lautomne\/","url":"https:\/\/www.gino-caron.com\/photoblog\/trois-couleurs-de-lautomne\/","name":"Trois couleurs de l'automne - Gino Caron Photographe","isPartOf":{"@id":"https:\/\/www.gino-caron.com\/photoblog\/#website"},"primaryImageOfPage":{"@id":"https:\/\/www.gino-caron.com\/photoblog\/trois-couleurs-de-lautomne\/#primaryimage"},"image":{"@id":"https:\/\/www.gino-caron.com\/photoblog\/trois-couleurs-de-lautomne\/#primaryimage"},"thumbnailUrl":"https:\/\/www.gino-caron.com\/photoblog\/wp-content\/uploads\/2015\/10\/IMG_9722.jpg","datePublished":"2015-10-18T17:01:57+00:00","dateModified":"2023-11-29T00:01:56+00:00","breadcrumb":{"@id":"https:\/\/www.gino-caron.com\/photoblog\/trois-couleurs-de-lautomne\/#breadcrumb"},"inLanguage":"fr-FR","potentialAction":[{"@type":"ReadAction","target":["https:\/\/www.gino-caron.com\/photoblog\/trois-couleurs-de-lautomne\/"]}]},{"@type":"ImageObject","inLanguage":"fr-FR","@id":"https:\/\/www.gino-caron.com\/photoblog\/trois-couleurs-de-lautomne\/#primaryimage","url":"https:\/\/www.gino-caron.com\/photoblog\/wp-content\/uploads\/2015\/10\/IMG_9722.jpg","contentUrl":"https:\/\/www.gino-caron.com\/photoblog\/wp-content\/uploads\/2015\/10\/IMG_9722.jpg","width":960,"height":640},{"@type":"BreadcrumbList","@id":"https:\/\/www.gino-caron.com\/photoblog\/trois-couleurs-de-lautomne\/#breadcrumb","itemListElement":[{"@type":"ListItem","position":1,"name":"Accueil","item":"https:\/\/www.gino-caron.com\/photoblog\/"},{"@type":"ListItem","position":2,"name":"Trois couleurs de l&rsquo;automne"}]},{"@type":"WebSite","@id":"https:\/\/www.gino-caron.com\/photoblog\/#website","url":"https:\/\/www.gino-caron.com\/photoblog\/","name":"Gino Caron Photographe","description":"Photographe professionnel de la r\u00e9gion de Rimouski - Mont-Joli. Photo a\u00e9rienne, immobili\u00e8re, paysage, mariage, impression photo, photo num\u00e9rique.","publisher":{"@id":"https:\/\/www.gino-caron.com\/photoblog\/#organization"},"potentialAction":[{"@type":"SearchAction","target":{"@type":"EntryPoint","urlTemplate":"https:\/\/www.gino-caron.com\/photoblog\/?s={search_term_string}"},"query-input":{"@type":"PropertyValueSpecification","valueRequired":true,"valueName":"search_term_string"}}],"inLanguage":"fr-FR"},{"@type":"Organization","@id":"https:\/\/www.gino-caron.com\/photoblog\/#organization","name":"Gino Caron Photographe","url":"https:\/\/www.gino-caron.com\/photoblog\/","logo":{"@type":"ImageObject","inLanguage":"fr-FR","@id":"https:\/\/www.gino-caron.com\/photoblog\/#\/schema\/logo\/image\/","url":"https:\/\/www.gino-caron.com\/photoblog\/wp-content\/uploads\/2024\/08\/sign_v3.png","contentUrl":"https:\/\/www.gino-caron.com\/photoblog\/wp-content\/uploads\/2024\/08\/sign_v3.png","width":584,"height":442,"caption":"Gino Caron Photographe"},"image":{"@id":"https:\/\/www.gino-caron.com\/photoblog\/#\/schema\/logo\/image\/"},"sameAs":["https:\/\/www.facebook.com\/Gino.Caron.Photo","https:\/\/x.com\/GinoCaron","https:\/\/www.instagram.com\/ginocaron\/"]},{"@type":"Person","@id":"https:\/\/www.gino-caron.com\/photoblog\/#\/schema\/person\/137be5191e5940072a048b33b4c3b9e9","name":"Gino Caron","image":{"@type":"ImageObject","inLanguage":"fr-FR","@id":"https:\/\/www.gino-caron.com\/photoblog\/#\/schema\/person\/image\/","url":"https:\/\/secure.gravatar.com\/avatar\/d4e0e08b17e64347b8c7208bf8b2a22f37b2d9fa9ef9d4024b2d96c4fd9ef77b?s=96&d=mm&r=g","contentUrl":"https:\/\/secure.gravatar.com\/avatar\/d4e0e08b17e64347b8c7208bf8b2a22f37b2d9fa9ef9d4024b2d96c4fd9ef77b?s=96&d=mm&r=g","caption":"Gino Caron"},"sameAs":["http:\/\/www.gino-caron.com"],"url":"https:\/\/www.gino-caron.com\/photoblog\/author\/electro76\/"}]}},"_links":{"self":[{"href":"https:\/\/www.gino-caron.com\/photoblog\/wp-json\/wp\/v2\/posts\/11479","targetHints":{"allow":["GET"]}}],"collection":[{"href":"https:\/\/www.gino-caron.com\/photoblog\/wp-json\/wp\/v2\/posts"}],"about":[{"href":"https:\/\/www.gino-caron.com\/photoblog\/wp-json\/wp\/v2\/types\/post"}],"author":[{"embeddable":true,"href":"https:\/\/www.gino-caron.com\/photoblog\/wp-json\/wp\/v2\/users\/3"}],"replies":[{"embeddable":true,"href":"https:\/\/www.gino-caron.com\/photoblog\/wp-json\/wp\/v2\/comments?post=11479"}],"version-history":[{"count":2,"href":"https:\/\/www.gino-caron.com\/photoblog\/wp-json\/wp\/v2\/posts\/11479\/revisions"}],"predecessor-version":[{"id":16570,"href":"https:\/\/www.gino-caron.com\/photoblog\/wp-json\/wp\/v2\/posts\/11479\/revisions\/16570"}],"wp:featuredmedia":[{"embeddable":true,"href":"https:\/\/www.gino-caron.com\/photoblog\/wp-json\/wp\/v2\/media\/11480"}],"wp:attachment":[{"href":"https:\/\/www.gino-caron.com\/photoblog\/wp-json\/wp\/v2\/media?parent=11479"}],"wp:term":[{"taxonomy":"category","embeddable":true,"href":"https:\/\/www.gino-caron.com\/photoblog\/wp-json\/wp\/v2\/categories?post=11479"},{"taxonomy":"post_tag","embeddable":true,"href":"https:\/\/www.gino-caron.com\/photoblog\/wp-json\/wp\/v2\/tags?post=11479"}],"curies":[{"name":"wp","href":"https:\/\/api.w.org\/{rel}","templated":true}]}}